{"id":3422,"date":"2016-02-16T10:39:35","date_gmt":"2016-02-16T13:39:35","guid":{"rendered":"https:\/\/www.gingadf.com.br\/blogGinga\/?p=3422"},"modified":"2016-02-16T10:39:57","modified_gmt":"2016-02-16T13:39:57","slug":"desligamento-com-prazo-de-finalizacao-para-2023-processo-que-desliga-tv-analogica-comeca-a-ser-realizado","status":"publish","type":"post","link":"https:\/\/www.gingadf.com.br\/blogGinga\/desligamento-com-prazo-de-finalizacao-para-2023-processo-que-desliga-tv-analogica-comeca-a-ser-realizado\/","title":{"rendered":"Desligamento: Com prazo de finaliza\u00e7\u00e3o para 2023, processo que desliga TV anal\u00f3gica come\u00e7a a ser realizado"},"content":{"rendered":"<p>A partir desta segunda-feira, 15, a TV anal\u00f3gica come\u00e7a a ser desligada no pa\u00eds. Rio Verde (GO) ser\u00e1 o primeiro munic\u00edpio brasileiro a fazer a transi\u00e7\u00e3o para a TV digital. E este ano Bras\u00edlia ser\u00e1 a \u00fanica capital a realizar a mudan\u00e7a de acordo com o cronograma divulgado pelo Minist\u00e9rio das Comunica\u00e7\u00f5es.<\/p>\n<p>Em outubro, o Distrito Federal e as cidades do entorno ter\u00e3o o sinal da TV anal\u00f3gica desligados. O prazo para a mudan\u00e7a em todo o pa\u00eds foi adiado v\u00e1rias vezes e apenas em 2023 a TV digital ser\u00e1 uma realidade em 100% dos aparelhos do pa\u00eds.<\/p>\n<p>Segundo o governo foi necess\u00e1rio dar mais tempo para a migra\u00e7\u00e3o devido aos grandes eventos que o Brasil vai receber at\u00e9 2018, como as Olimp\u00edadas e a elei\u00e7\u00e3o presidencial daqui a dois anos.<\/p>\n<p>Al\u00e9m disso, as redes de televis\u00e3o ter\u00e3o um prazo maior para avisar aos telespectadores sobre o desligamento. Atualmente, a TV anal\u00f3gica recebe sinais de frequ\u00eancia modulada FM e converte em sinais de imagem e som.<\/p>\n<p>J\u00e1 a TV digital tamb\u00e9m recebe esta frequ\u00eancia mas transmite para dados digitais, como acontece com a internet acessada por meio de um transmissor wi-fi.<\/p>\n<p>Para pegar o sinal digital, o aparelho precisa de um conversor embutido ou externo.<\/p>\n<p>Fonte: FNDC<\/p>\n","protected":false},"excerpt":{"rendered":"<p>A partir desta segunda-feira, 15, a TV anal\u00f3gica come\u00e7a a ser desligada no pa\u00eds. Rio Verde (GO) ser\u00e1 o primeiro munic\u00edpio brasileiro a fazer a transi\u00e7\u00e3o para a TV digital. E este ano Bras\u00edlia ser\u00e1 a \u00fanica capital a realizar a mudan\u00e7a de acordo com o cronograma divulgado pelo Minist\u00e9rio das Comunica\u00e7\u00f5es. Em outubro, o [&hellip;]<\/p>\n","protected":false},"author":3,"featured_media":0,"comment_status":"open","ping_status":"open","sticky":false,"template":"","format":"standard","meta":{"footnotes":""},"categories":[41,5],"tags":[42,75],"class_list":["post-3422","post","type-post","status-publish","format-standard","hentry","category-tv-analogica","category-tv-digital","tag-tv-analogica-2","tag-tv-digital"],"_links":{"self":[{"href":"https:\/\/www.gingadf.com.br\/blogGinga\/wp-json\/wp\/v2\/posts\/3422","targetHints":{"allow":["GET"]}}],"collection":[{"href":"https:\/\/www.gingadf.com.br\/blogGinga\/wp-json\/wp\/v2\/posts"}],"about":[{"href":"https:\/\/www.gingadf.com.br\/blogGinga\/wp-json\/wp\/v2\/types\/post"}],"author":[{"embeddable":true,"href":"https:\/\/www.gingadf.com.br\/blogGinga\/wp-json\/wp\/v2\/users\/3"}],"replies":[{"embeddable":true,"href":"https:\/\/www.gingadf.com.br\/blogGinga\/wp-json\/wp\/v2\/comments?post=3422"}],"version-history":[{"count":2,"href":"https:\/\/www.gingadf.com.br\/blogGinga\/wp-json\/wp\/v2\/posts\/3422\/revisions"}],"predecessor-version":[{"id":3424,"href":"https:\/\/www.gingadf.com.br\/blogGinga\/wp-json\/wp\/v2\/posts\/3422\/revisions\/3424"}],"wp:attachment":[{"href":"https:\/\/www.gingadf.com.br\/blogGinga\/wp-json\/wp\/v2\/media?parent=3422"}],"wp:term":[{"taxonomy":"category","embeddable":true,"href":"https:\/\/www.gingadf.com.br\/blogGinga\/wp-json\/wp\/v2\/categories?post=3422"},{"taxonomy":"post_tag","embeddable":true,"href":"https:\/\/www.gingadf.com.br\/blogGinga\/wp-json\/wp\/v2\/tags?post=3422"}],"curies":[{"name":"wp","href":"https:\/\/api.w.org\/{rel}","templated":true}]}}