{"id":3323,"date":"2015-11-29T08:47:43","date_gmt":"2015-11-29T11:47:43","guid":{"rendered":"https:\/\/www.gingadf.com.br\/blogGinga\/?p=3323"},"modified":"2015-11-29T08:47:43","modified_gmt":"2015-11-29T11:47:43","slug":"tv-digital-nao-havera-segunda-data-para-o-switch-off","status":"publish","type":"post","link":"https:\/\/www.gingadf.com.br\/blogGinga\/tv-digital-nao-havera-segunda-data-para-o-switch-off\/","title":{"rendered":"TV DIGITAL: N\u00c3O HAVER\u00c1 SEGUNDA DATA PARA O SWITCH OFF"},"content":{"rendered":"<p>Se n\u00e3o for atendido o percentual de 93% de lares aptos a receberem o sinal de TV digital, n\u00e3o haver\u00e1 mais uma data \u00fanica para o desligamento, mas ser\u00e3o intensificados os procedimentos para que a troca de aparelhos de TV ocorra.<\/p>\n<p>Continua o impasse entre as operadoras de telecomunica\u00e7\u00f5es, emissoras de radiodifus\u00e3o e Anatel sobre o processo de migra\u00e7\u00e3o dos sinais de TV anal\u00f3gica para a TV digital. A Anatel chegou a formular uma nova proposta \u2013 que passa pela revis\u00e3o das cidades onde ser\u00e1 necess\u00e1rio o desligamento (conforme a proposta de conviv\u00eancia feita pelos radiodifusores) , o que ampliar\u00e1 a distribui\u00e7\u00e3o dos conversores nas cidades onde houver efetivo desligamento, mas ela precisa ser acordada pelos demais agentes.<\/p>\n<p>Embora n\u00e3o haja uma decis\u00e3o final, tudo indica que h\u00e1 uma quest\u00e3o da qual a ag\u00eancia n\u00e3o vai abrir m\u00e3o: trata-se do p\u00f3s- data do desligamento. Ou seja, mesmo com a redefini\u00e7\u00e3o do cronograma de todas as cidades, e diminui\u00e7\u00e3o do n\u00famero de munic\u00edpios que ter\u00e3o que desligar a TV anal\u00f3gica at\u00e9 dezembro de 2018, n\u00e3o haver\u00e1 uma segunda data para que este desligamento ocorra. \u201cN\u00e3o vamos desmoralizar o processo\u201d, avisou o conselheiro Rodrigo Zerbone e presidente do Gired, grupo que coordena a transi\u00e7\u00e3o.<\/p>\n<p>Isso significa, explicou, que depois da data marcada, se n\u00e3o for atingido o percentual de 93% de casas aptas a receberem o sinal anal\u00f3gico, novas medidas ser\u00e3o tomadas na cidade e nos aparelhos de TV para que a popula\u00e7\u00e3o troque os televisores, mas n\u00e3o haver\u00e1 mais uma \u00fanica data para que possa ser considerado conclu\u00eddo o processo. E somente a Anatel e o Gired ficar\u00e3o monitorando a conclus\u00e3o da transi\u00e7\u00e3o.<\/p>\n<p>Fonte: Tele S\u00edntese<\/p>\n","protected":false},"excerpt":{"rendered":"<p>Se n\u00e3o for atendido o percentual de 93% de lares aptos a receberem o sinal de TV digital, n\u00e3o haver\u00e1 mais uma data \u00fanica para o desligamento, mas ser\u00e3o intensificados os procedimentos para que a troca de aparelhos de TV ocorra. Continua o impasse entre as operadoras de telecomunica\u00e7\u00f5es, emissoras de radiodifus\u00e3o e Anatel sobre [&hellip;]<\/p>\n","protected":false},"author":3,"featured_media":0,"comment_status":"open","ping_status":"open","sticky":false,"template":"","format":"standard","meta":{"footnotes":""},"categories":[4],"tags":[72],"class_list":["post-3323","post","type-post","status-publish","format-standard","hentry","category-noticia","tag-noticia"],"_links":{"self":[{"href":"https:\/\/www.gingadf.com.br\/blogGinga\/wp-json\/wp\/v2\/posts\/3323","targetHints":{"allow":["GET"]}}],"collection":[{"href":"https:\/\/www.gingadf.com.br\/blogGinga\/wp-json\/wp\/v2\/posts"}],"about":[{"href":"https:\/\/www.gingadf.com.br\/blogGinga\/wp-json\/wp\/v2\/types\/post"}],"author":[{"embeddable":true,"href":"https:\/\/www.gingadf.com.br\/blogGinga\/wp-json\/wp\/v2\/users\/3"}],"replies":[{"embeddable":true,"href":"https:\/\/www.gingadf.com.br\/blogGinga\/wp-json\/wp\/v2\/comments?post=3323"}],"version-history":[{"count":1,"href":"https:\/\/www.gingadf.com.br\/blogGinga\/wp-json\/wp\/v2\/posts\/3323\/revisions"}],"predecessor-version":[{"id":3324,"href":"https:\/\/www.gingadf.com.br\/blogGinga\/wp-json\/wp\/v2\/posts\/3323\/revisions\/3324"}],"wp:attachment":[{"href":"https:\/\/www.gingadf.com.br\/blogGinga\/wp-json\/wp\/v2\/media?parent=3323"}],"wp:term":[{"taxonomy":"category","embeddable":true,"href":"https:\/\/www.gingadf.com.br\/blogGinga\/wp-json\/wp\/v2\/categories?post=3323"},{"taxonomy":"post_tag","embeddable":true,"href":"https:\/\/www.gingadf.com.br\/blogGinga\/wp-json\/wp\/v2\/tags?post=3323"}],"curies":[{"name":"wp","href":"https:\/\/api.w.org\/{rel}","templated":true}]}}