{"id":3295,"date":"2015-11-18T10:26:01","date_gmt":"2015-11-18T13:26:01","guid":{"rendered":"https:\/\/www.gingadf.com.br\/blogGinga\/?p=3295"},"modified":"2015-11-18T23:55:35","modified_gmt":"2015-11-19T02:55:35","slug":"tv-digital-teles-e-tvs-nao-se-entendem-governo-batera-o-martelo","status":"publish","type":"post","link":"https:\/\/www.gingadf.com.br\/blogGinga\/tv-digital-teles-e-tvs-nao-se-entendem-governo-batera-o-martelo\/","title":{"rendered":"TV Digital: Teles e TVs n\u00e3o se entendem. Governo bater\u00e1 o martelo"},"content":{"rendered":"<p><a href=\"https:\/\/www.gingadf.com.br\/blogGinga\/wp-content\/uploads\/2015\/11\/martelo.jpg\"><img loading=\"lazy\" decoding=\"async\" src=\"https:\/\/www.gingadf.com.br\/blogGinga\/wp-content\/uploads\/2015\/11\/martelo-245x300.jpg\" alt=\"martelo\" width=\"245\" height=\"300\" class=\"alignleft size-medium wp-image-3316\" srcset=\"https:\/\/www.gingadf.com.br\/blogGinga\/wp-content\/uploads\/2015\/11\/martelo-245x300.jpg 245w, https:\/\/www.gingadf.com.br\/blogGinga\/wp-content\/uploads\/2015\/11\/martelo.jpg 348w\" sizes=\"auto, (max-width: 245px) 100vw, 245px\" \/><\/a>As emissoras de televis\u00e3o e as teles m\u00f3veis n\u00e3o chegaram a um acerto sobre o que fazer com o cronograma do desligamento anal\u00f3gico. Como resultado, foi frisado nesta quinta-feira, 12\/11, durante reuni\u00e3o do Gired (o grupo que tamb\u00e9m inclui governo e Anatel), que a decis\u00e3o sobre os pr\u00f3ximos passos ser\u00e1 do Minist\u00e9rio das Comunica\u00e7\u00f5es e tomar\u00e1 forma em uma Portaria a sair at\u00e9 o fim do m\u00eas.<\/p>\n<p>Na pr\u00e1tica, como adiantou o ministro Andr\u00e9 Figueiredo, diante da falta de prepara\u00e7\u00e3o suficiente, o desligamento dos sinais anal\u00f3gicos em Rio Verde-GO, primeira cidade do calend\u00e1rio, n\u00e3o ser\u00e1 mais em 29\/11 pr\u00f3ximo, mas adiada por 60 dias.<\/p>\n<p>A ideia \u00e9 que na data antes prevista sejam implementadas algumas das propostas para incomodar os telespectadores \u2013 tarjas maiores ou transmiss\u00e3o sem som durante alguns minutos, por exemplo. \u201cTalvez mesmo depois desses 60 dias ainda n\u00e3o tenhamos os 93%. Mas vamos mudar a medi\u00e7\u00e3o\u201d, revelou Figueiredo.<\/p>\n<p>Na verdade, a pr\u00f3xima pesquisa sobre a prepara\u00e7\u00e3o de Rio Verde ser\u00e1 apresentada na pr\u00f3xima semana ao Gired \u2013 no dia 25 ao GT de comunica\u00e7\u00e3o e debatida em 27\/11, na reuni\u00e3o do grupo. Ela j\u00e1 trar\u00e1 mudan\u00e7as na metodologia que, espera-se, v\u00e3o turbinar o percentual de lares preparados. A meta \u00e9 93%.<\/p>\n<p>\u201cComo n\u00e3o teve acordo, achamos melhor deixar para o ministro decidir. Vai ter uma solu\u00e7\u00e3o espec\u00edfica para Rio Verde, mas continuamos avaliando a proposta da radiodifus\u00e3o de ajuste no cronograma\u201d, disse o coordenador do Gired, o conselheiro da Anatel Rodrigo Zerbone.<\/p>\n<p>As emissoras de televis\u00e3o levaram uma nova sugest\u00e3o nesta quinta, para a inclus\u00e3o de uma \u2018tela preta\u2019 entre a programa\u00e7\u00e3o normal e os intervalos comerciais. \u201cComo n\u00e3o \u00e9 uma inser\u00e7\u00e3o dentro da programa\u00e7\u00e3o a ponto de incomodar o espectador e faz\u00ea-lo buscar uma solu\u00e7\u00e3o, a pr\u00f3pria radiodifus\u00e3o vai aperfei\u00e7oar a proposta\u201d, diz Zerbone.<\/p>\n<p>Fonte: Converg\u00eancia Digital<\/p>\n","protected":false},"excerpt":{"rendered":"<p>As emissoras de televis\u00e3o e as teles m\u00f3veis n\u00e3o chegaram a um acerto sobre o que fazer com o cronograma do desligamento anal\u00f3gico. Como resultado, foi frisado nesta quinta-feira, 12\/11, durante reuni\u00e3o do Gired (o grupo que tamb\u00e9m inclui governo e Anatel), que a decis\u00e3o sobre os pr\u00f3ximos passos ser\u00e1 do Minist\u00e9rio das Comunica\u00e7\u00f5es e [&hellip;]<\/p>\n","protected":false},"author":3,"featured_media":0,"comment_status":"open","ping_status":"open","sticky":false,"template":"","format":"standard","meta":{"footnotes":""},"categories":[4],"tags":[72],"class_list":["post-3295","post","type-post","status-publish","format-standard","hentry","category-noticia","tag-noticia"],"_links":{"self":[{"href":"https:\/\/www.gingadf.com.br\/blogGinga\/wp-json\/wp\/v2\/posts\/3295","targetHints":{"allow":["GET"]}}],"collection":[{"href":"https:\/\/www.gingadf.com.br\/blogGinga\/wp-json\/wp\/v2\/posts"}],"about":[{"href":"https:\/\/www.gingadf.com.br\/blogGinga\/wp-json\/wp\/v2\/types\/post"}],"author":[{"embeddable":true,"href":"https:\/\/www.gingadf.com.br\/blogGinga\/wp-json\/wp\/v2\/users\/3"}],"replies":[{"embeddable":true,"href":"https:\/\/www.gingadf.com.br\/blogGinga\/wp-json\/wp\/v2\/comments?post=3295"}],"version-history":[{"count":3,"href":"https:\/\/www.gingadf.com.br\/blogGinga\/wp-json\/wp\/v2\/posts\/3295\/revisions"}],"predecessor-version":[{"id":3318,"href":"https:\/\/www.gingadf.com.br\/blogGinga\/wp-json\/wp\/v2\/posts\/3295\/revisions\/3318"}],"wp:attachment":[{"href":"https:\/\/www.gingadf.com.br\/blogGinga\/wp-json\/wp\/v2\/media?parent=3295"}],"wp:term":[{"taxonomy":"category","embeddable":true,"href":"https:\/\/www.gingadf.com.br\/blogGinga\/wp-json\/wp\/v2\/categories?post=3295"},{"taxonomy":"post_tag","embeddable":true,"href":"https:\/\/www.gingadf.com.br\/blogGinga\/wp-json\/wp\/v2\/tags?post=3295"}],"curies":[{"name":"wp","href":"https:\/\/api.w.org\/{rel}","templated":true}]}}