{"id":3142,"date":"2015-08-18T01:43:11","date_gmt":"2015-08-18T04:43:11","guid":{"rendered":"https:\/\/www.gingadf.com.br\/blogGinga\/?p=3142"},"modified":"2015-08-18T01:43:11","modified_gmt":"2015-08-18T04:43:11","slug":"tv-analigica-campanha-publicitaria-do-switch-off-comeca-em-rio-verde-go","status":"publish","type":"post","link":"https:\/\/www.gingadf.com.br\/blogGinga\/tv-analigica-campanha-publicitaria-do-switch-off-comeca-em-rio-verde-go\/","title":{"rendered":"TV anal\u00edgica: Campanha publicit\u00e1ria do switch-off come\u00e7a em Rio Verde (GO)"},"content":{"rendered":"<p>A cam<img loading=\"lazy\" decoding=\"async\" class=\" size-medium wp-image-3143 alignleft\" src=\"https:\/\/www.gingadf.com.br\/blogGinga\/wp-content\/uploads\/2015\/08\/tv_fora_ar-300x206.jpg\" alt=\"TV fora do ar\" width=\"300\" height=\"206\" srcset=\"https:\/\/www.gingadf.com.br\/blogGinga\/wp-content\/uploads\/2015\/08\/tv_fora_ar-300x206.jpg 300w, https:\/\/www.gingadf.com.br\/blogGinga\/wp-content\/uploads\/2015\/08\/tv_fora_ar.jpg 343w\" sizes=\"auto, (max-width: 300px) 100vw, 300px\" \/>panha publicit\u00e1ria com informa\u00e7\u00f5es sobre o desligamento do sinal anal\u00f3gico da TV come\u00e7a nesta ter\u00e7a-feira, 18, no munic\u00edpio goiano de Rio Verde, com switch-off marcado para o dia 29 de novembro. A publicidade ser\u00e1 feita via TV, r\u00e1dio, outdoors\u00a0e\u00a0pain\u00e9is, capitaneada pela Entidade Administradora da Digitaliza\u00e7\u00e3o (EAD).<\/p>\n<p>A campanha \u00e9 assinada pela ag\u00eancia Young&amp;Rubicam e ter\u00e1 um boneco como ator principal na comunica\u00e7\u00e3o aos moradores do munic\u00edpio. As pe\u00e7as foram aprovadas na reuni\u00e3o do grupo de trabalho de comunica\u00e7\u00e3o (GT-Com) do Gired (grupo de implanta\u00e7\u00e3o da digitaliza\u00e7\u00e3o da TV), realizada na sexta-feira passada.<\/p>\n<p>Na pr\u00f3xima semana, o GT-Com discutir\u00e1 os procedimentos que ser\u00e3o adotados caso o percentual de 93% dos usu\u00e1rios de TV aberta com disponibilidade de receber o sinal digital n\u00e3o seja alcan\u00e7ado. Esse n\u00famero \u00e9 a principal exig\u00eancia para que o desligamento do sinal anal\u00f3gico seja autorizado.<\/p>\n<p>Fonte: Tela Viva<\/p>\n","protected":false},"excerpt":{"rendered":"<p>A campanha publicit\u00e1ria com informa\u00e7\u00f5es sobre o desligamento do sinal anal\u00f3gico da TV come\u00e7a nesta ter\u00e7a-feira, 18, no munic\u00edpio goiano de Rio Verde, com switch-off marcado para o dia 29 de novembro. A publicidade ser\u00e1 feita via TV, r\u00e1dio, outdoors\u00a0e\u00a0pain\u00e9is, capitaneada pela Entidade Administradora da Digitaliza\u00e7\u00e3o (EAD). A campanha \u00e9 assinada pela ag\u00eancia Young&amp;Rubicam e [&hellip;]<\/p>\n","protected":false},"author":3,"featured_media":0,"comment_status":"open","ping_status":"open","sticky":false,"template":"","format":"standard","meta":{"footnotes":""},"categories":[13,41],"tags":[23,42],"class_list":["post-3142","post","type-post","status-publish","format-standard","hentry","category-cidades-tvd","category-tv-analogica","tag-cidades-tv-digital","tag-tv-analogica-2"],"_links":{"self":[{"href":"https:\/\/www.gingadf.com.br\/blogGinga\/wp-json\/wp\/v2\/posts\/3142","targetHints":{"allow":["GET"]}}],"collection":[{"href":"https:\/\/www.gingadf.com.br\/blogGinga\/wp-json\/wp\/v2\/posts"}],"about":[{"href":"https:\/\/www.gingadf.com.br\/blogGinga\/wp-json\/wp\/v2\/types\/post"}],"author":[{"embeddable":true,"href":"https:\/\/www.gingadf.com.br\/blogGinga\/wp-json\/wp\/v2\/users\/3"}],"replies":[{"embeddable":true,"href":"https:\/\/www.gingadf.com.br\/blogGinga\/wp-json\/wp\/v2\/comments?post=3142"}],"version-history":[{"count":1,"href":"https:\/\/www.gingadf.com.br\/blogGinga\/wp-json\/wp\/v2\/posts\/3142\/revisions"}],"predecessor-version":[{"id":3144,"href":"https:\/\/www.gingadf.com.br\/blogGinga\/wp-json\/wp\/v2\/posts\/3142\/revisions\/3144"}],"wp:attachment":[{"href":"https:\/\/www.gingadf.com.br\/blogGinga\/wp-json\/wp\/v2\/media?parent=3142"}],"wp:term":[{"taxonomy":"category","embeddable":true,"href":"https:\/\/www.gingadf.com.br\/blogGinga\/wp-json\/wp\/v2\/categories?post=3142"},{"taxonomy":"post_tag","embeddable":true,"href":"https:\/\/www.gingadf.com.br\/blogGinga\/wp-json\/wp\/v2\/tags?post=3142"}],"curies":[{"name":"wp","href":"https:\/\/api.w.org\/{rel}","templated":true}]}}