{"id":3062,"date":"2015-06-02T16:03:26","date_gmt":"2015-06-02T19:03:26","guid":{"rendered":"https:\/\/www.gingadf.com.br\/blogGinga\/?p=3062"},"modified":"2015-06-02T16:03:26","modified_gmt":"2015-06-02T19:03:26","slug":"700mhz-testes-vao-medir-convivencia-com-tvs-para-antecipar-4g-em-700-mhz","status":"publish","type":"post","link":"https:\/\/www.gingadf.com.br\/blogGinga\/700mhz-testes-vao-medir-convivencia-com-tvs-para-antecipar-4g-em-700-mhz\/","title":{"rendered":"700MHz: Testes v\u00e3o medir conviv\u00eancia com TVs para antecipar 4G em 700 MHz"},"content":{"rendered":"<p>As operadoras m\u00f3veis v\u00e3o come\u00e7ar a fazer testes de conviv\u00eancia do 4G em 700 MHz e as transmiss\u00f5es anal\u00f3gicas de televis\u00e3o que operam na mesma faixa para verificar a possibilidade de antecipa\u00e7\u00e3o do servi\u00e7o naquelas cidades onde h\u00e1 espa\u00e7o suficiente no espectro radioel\u00e9trico.<\/p>\n<p>O primeiro alvo \u00e9 a goiana Rio Verde, primeira cidade do cronograma do desligamento dos sinais anal\u00f3gicos de televis\u00e3o \u2013 previsto para 29 de novembro \u2013 mas haver\u00e1 outras, particularmente nos estados das regi\u00f5es Norte e Nordeste, por disponibilidade na faixa de 700 MHz.<\/p>\n<p>\u201cEsperamos que no inicio do segundo semestre a gente j\u00e1 tenha a instala\u00e7\u00e3o dos equipamentos de LTE para testar. J\u00e1 definimos que isso vai acontecer em Rio Verde, mas a ideia \u00e9 que haja uma instala\u00e7\u00e3o em larga escala para que seja testado de forma mais operacional mesmo. Isso vai acontecer especialmente no Norte e no Nordeste, onde tem espa\u00e7o para remanejar canais hoje na faixa de 700 MHz mesmo sem desligar o anal\u00f3gico\u201d, diz o conselheiro da Anatel Rodrigo Zerbone, que preside o grupo de implementa\u00e7\u00e3o da digitaliza\u00e7\u00e3o, Gired.<\/p>\n<p>As outras cidades para esses testes al\u00e9m de Rio Verde ainda n\u00e3o foram definidas, mas Zerbone explica que o objetivo \u00e9 ter elementos para avaliar os prov\u00e1veis pedidos de antecipa\u00e7\u00e3o de opera\u00e7\u00f5es de 4G que ser\u00e3o apresentados pelas operadoras m\u00f3veis. \u201cPrecisamos testar para ter os par\u00e2metros para os casos em que pudermos antecipar e quais as situa\u00e7\u00f5es em que n\u00e3o ser\u00e1 poss\u00edvel autorizar\u201d, completa.<\/p>\n<p>Antenas<\/p>\n<p>Tamb\u00e9m foi decidido em reuni\u00e3o do Gired nesta quarta, 27\/5, que nas cidades com desligamento previsto para 2016 haver\u00e1 distribui\u00e7\u00e3o de antenas externas com capacidade de recep\u00e7\u00e3o VHF e UHF. Essa \u00e9 uma quest\u00e3o importante pois envolve munic\u00edpios com grande uso do espectro e onde ser\u00e1 necess\u00e1rio deslocar algumas emissoras para os canais 7 a 13, chamados no setor de VHF alto.<\/p>\n<p>\u201cEssa antena ser\u00e1 capaz de pegar as duas frequ\u00eancias, porque espectro est\u00e1 muito ocupado e vamos ter que usar espectro no VHF alto, particularmente em lugares como Bras\u00edlia, S\u00e3o Paulo, Rio de Janeiro, Belo Horizonte e Goi\u00e2nia\u201d, diz o presidente do Gired. Na pr\u00e1tica, essa fatia do espectro dever\u00e1 alojar especialmente canais p\u00fablicos \u2013 como as TVs da C\u00e2mara e do Senado ou mesmo eventualmente a TV Brasil. Em Rio Verde, com 200 mil habitantes e espa\u00e7o no espectro, haver\u00e1 apenas antenas UHF.<\/p>\n<p>Ainda n\u00e3o h\u00e1 decis\u00e3o, por\u00e9m, sobre os casos em que ser\u00e3o distribu\u00eddas antenas internas. Trata-se de uma quest\u00e3o delicada na transi\u00e7\u00e3o porque os testes de conviv\u00eancia entre TV Digital e 4G em 700 MHz indicaram risco de interfer\u00eancia. A pr\u00f3pria Anatel, que minimiza esse problema, admite que haver\u00e1 casos em que ser\u00e1 preciso escolher entre assistir TV ou usar o celular \u2013 ou pelo menos se afastar do televisor.<\/p>\n<p>Fonte: Converg\u00eancia Digital<\/p>\n","protected":false},"excerpt":{"rendered":"<p>As operadoras m\u00f3veis v\u00e3o come\u00e7ar a fazer testes de conviv\u00eancia do 4G em 700 MHz e as transmiss\u00f5es anal\u00f3gicas de televis\u00e3o que operam na mesma faixa para verificar a possibilidade de antecipa\u00e7\u00e3o do servi\u00e7o naquelas cidades onde h\u00e1 espa\u00e7o suficiente no espectro radioel\u00e9trico. O primeiro alvo \u00e9 a goiana Rio Verde, primeira cidade do cronograma [&hellip;]<\/p>\n","protected":false},"author":3,"featured_media":0,"comment_status":"open","ping_status":"open","sticky":false,"template":"","format":"standard","meta":{"footnotes":""},"categories":[1],"tags":[],"class_list":["post-3062","post","type-post","status-publish","format-standard","hentry","category-sem-categoria"],"_links":{"self":[{"href":"https:\/\/www.gingadf.com.br\/blogGinga\/wp-json\/wp\/v2\/posts\/3062","targetHints":{"allow":["GET"]}}],"collection":[{"href":"https:\/\/www.gingadf.com.br\/blogGinga\/wp-json\/wp\/v2\/posts"}],"about":[{"href":"https:\/\/www.gingadf.com.br\/blogGinga\/wp-json\/wp\/v2\/types\/post"}],"author":[{"embeddable":true,"href":"https:\/\/www.gingadf.com.br\/blogGinga\/wp-json\/wp\/v2\/users\/3"}],"replies":[{"embeddable":true,"href":"https:\/\/www.gingadf.com.br\/blogGinga\/wp-json\/wp\/v2\/comments?post=3062"}],"version-history":[{"count":1,"href":"https:\/\/www.gingadf.com.br\/blogGinga\/wp-json\/wp\/v2\/posts\/3062\/revisions"}],"predecessor-version":[{"id":3063,"href":"https:\/\/www.gingadf.com.br\/blogGinga\/wp-json\/wp\/v2\/posts\/3062\/revisions\/3063"}],"wp:attachment":[{"href":"https:\/\/www.gingadf.com.br\/blogGinga\/wp-json\/wp\/v2\/media?parent=3062"}],"wp:term":[{"taxonomy":"category","embeddable":true,"href":"https:\/\/www.gingadf.com.br\/blogGinga\/wp-json\/wp\/v2\/categories?post=3062"},{"taxonomy":"post_tag","embeddable":true,"href":"https:\/\/www.gingadf.com.br\/blogGinga\/wp-json\/wp\/v2\/tags?post=3062"}],"curies":[{"name":"wp","href":"https:\/\/api.w.org\/{rel}","templated":true}]}}