{"id":2967,"date":"2014-12-20T12:04:06","date_gmt":"2014-12-20T15:04:06","guid":{"rendered":"https:\/\/www.gingadf.com.br\/blogGinga\/?p=2967"},"modified":"2014-12-20T12:04:06","modified_gmt":"2014-12-20T15:04:06","slug":"tv-analogica-grupos-de-trabalho-do-gired-terao-ate-23-de-janeiro-para-apresentar-planejamento","status":"publish","type":"post","link":"https:\/\/www.gingadf.com.br\/blogGinga\/tv-analogica-grupos-de-trabalho-do-gired-terao-ate-23-de-janeiro-para-apresentar-planejamento\/","title":{"rendered":"TV Anal\u00f3gica: Grupos de trabalho do GIRED ter\u00e3o at\u00e9 23 de janeiro para apresentar planejamento"},"content":{"rendered":"<p>Aconteceu nesta sexta, 19, a primeira reuni\u00e3o do Grupo de Implanta\u00e7\u00e3o do Processo de Redistribui\u00e7\u00e3o e Digitaliza\u00e7\u00e3o de Canais de TV (GIRED) que vai coordenar a limpeza da faixa de 700 MHz, assim como a mitiga\u00e7\u00e3o de interfer\u00eancias e a distribui\u00e7\u00e3o de conversores para os benefici\u00e1rios do Bolsa Fam\u00edlia.<\/p>\n<p>O grupo precisa correr contra o tempo para acertar todos os detalhes o mais r\u00e1pido poss\u00edvel j\u00e1 que o desligamento piloto de Rio Verde (GO) est\u00e1 programado para 29 de novembro de 2015. De acordo com o presidente do GIRED, conselheiro Rodrigo Zerbone, a ideia \u00e9 que todas as defini\u00e7\u00f5es adotadas para Rio Verde sejam as empregadas nas demais cidades.<\/p>\n<p>\u201cHouve consenso de que o ideal \u00e9 que a gente consiga encontrar solu\u00e7\u00f5es que possam ser adotadas nas outras cidades, como a especifica\u00e7\u00e3o do set-top box e outras defini\u00e7\u00f5es relevantes. A ideia \u00e9 que a gente consiga ter solu\u00e7\u00f5es definitivas\u201d, afirma o conselheiro.<\/p>\n<p>Na verdade, o trabalho do GIRED j\u00e1 est\u00e1 atrasado. Isso poque o Minist\u00e9rio das Comunica\u00e7\u00f5es determinou em portaria que a comunica\u00e7\u00e3o sobre o desligamento dever\u00e1 ser iniciada um ano antes do desligamento. Portanto, o prazo j\u00e1 est\u00e1 estourado para o desligamento de Rio Verde em novembro e 2015. Por esse motivo, j\u00e1 ficou decidido que na pr\u00f3xima reuni\u00e3o do grupo, marcada para 23 de janeiro, o grupo t\u00e9cnico de comunica\u00e7\u00e3o dever\u00e1 levar uma proposta do logotipo da TV anal\u00f3gica. A portaria do Minicom \u00e9 de 1 de dezembro, portanto, j\u00e1 saiu atrasada.<\/p>\n<p>De acordo com as regras da portaria do Minicom, as emissoras dever\u00e3o veicular mensagem informando a data de desligamento do sinal anal\u00f3gico e qual ser\u00e1 o n\u00famero do canal digital da emissora. Tamb\u00e9m dever\u00e1 mostrar no canto direito da tela um s\u00edmbolo do canal anal\u00f3gico, que ser\u00e1 criado pelo GIRED.<\/p>\n<p>Ficou decidido tamb\u00e9m que cada grupo t\u00e9cnico \u2013 cujos nomes devem ser enviados \u00e0 Anatel at\u00e9 a pr\u00f3xima segunda, 22, &#8211; levar\u00e1 \u00e0 reuni\u00e3o do dia 23 um planejamento detalhado com as datas-limites para cada decis\u00e3o para ser deliberada. Os representantes das empresas vencedoras do leil\u00e3o de 700 MHz informaram que at\u00e9 janeiro finalizam a contrata\u00e7\u00e3o de uma consultoria para ajudar na forma\u00e7\u00e3o da Entidade Administradora da Digitaliza\u00e7\u00e3o (EAD), que por sua vez deve ser criada em fevereiro.<\/p>\n<p>Fonte: Tela Viva<\/p>\n","protected":false},"excerpt":{"rendered":"<p>Aconteceu nesta sexta, 19, a primeira reuni\u00e3o do Grupo de Implanta\u00e7\u00e3o do Processo de Redistribui\u00e7\u00e3o e Digitaliza\u00e7\u00e3o de Canais de TV (GIRED) que vai coordenar a limpeza da faixa de 700 MHz, assim como a mitiga\u00e7\u00e3o de interfer\u00eancias e a distribui\u00e7\u00e3o de conversores para os benefici\u00e1rios do Bolsa Fam\u00edlia. O grupo precisa correr contra o [&hellip;]<\/p>\n","protected":false},"author":3,"featured_media":0,"comment_status":"open","ping_status":"open","sticky":false,"template":"","format":"standard","meta":{"footnotes":""},"categories":[41,5],"tags":[42,75],"class_list":["post-2967","post","type-post","status-publish","format-standard","hentry","category-tv-analogica","category-tv-digital","tag-tv-analogica-2","tag-tv-digital"],"_links":{"self":[{"href":"https:\/\/www.gingadf.com.br\/blogGinga\/wp-json\/wp\/v2\/posts\/2967","targetHints":{"allow":["GET"]}}],"collection":[{"href":"https:\/\/www.gingadf.com.br\/blogGinga\/wp-json\/wp\/v2\/posts"}],"about":[{"href":"https:\/\/www.gingadf.com.br\/blogGinga\/wp-json\/wp\/v2\/types\/post"}],"author":[{"embeddable":true,"href":"https:\/\/www.gingadf.com.br\/blogGinga\/wp-json\/wp\/v2\/users\/3"}],"replies":[{"embeddable":true,"href":"https:\/\/www.gingadf.com.br\/blogGinga\/wp-json\/wp\/v2\/comments?post=2967"}],"version-history":[{"count":1,"href":"https:\/\/www.gingadf.com.br\/blogGinga\/wp-json\/wp\/v2\/posts\/2967\/revisions"}],"predecessor-version":[{"id":2968,"href":"https:\/\/www.gingadf.com.br\/blogGinga\/wp-json\/wp\/v2\/posts\/2967\/revisions\/2968"}],"wp:attachment":[{"href":"https:\/\/www.gingadf.com.br\/blogGinga\/wp-json\/wp\/v2\/media?parent=2967"}],"wp:term":[{"taxonomy":"category","embeddable":true,"href":"https:\/\/www.gingadf.com.br\/blogGinga\/wp-json\/wp\/v2\/categories?post=2967"},{"taxonomy":"post_tag","embeddable":true,"href":"https:\/\/www.gingadf.com.br\/blogGinga\/wp-json\/wp\/v2\/tags?post=2967"}],"curies":[{"name":"wp","href":"https:\/\/api.w.org\/{rel}","templated":true}]}}