{"id":2947,"date":"2014-11-25T19:53:11","date_gmt":"2014-11-25T22:53:11","guid":{"rendered":"https:\/\/www.gingadf.com.br\/blogGinga\/?p=2947"},"modified":"2014-11-25T19:53:11","modified_gmt":"2014-11-25T22:53:11","slug":"tv-digital-anatel-testa-convivencia-entre-lte-e-tv-digital-no-inatel","status":"publish","type":"post","link":"https:\/\/www.gingadf.com.br\/blogGinga\/tv-digital-anatel-testa-convivencia-entre-lte-e-tv-digital-no-inatel\/","title":{"rendered":"TV Digital: Anatel testa conviv\u00eancia entre LTE e TV Digital no Inatel"},"content":{"rendered":"<p>Na pr\u00f3xima ter\u00e7a-feira, 25 de novembro, representantes da Ag\u00eancia Nacional de Telecomunica\u00e7\u00f5es (Anatel) estar\u00e3o no Inatel para apresentar os resultados dos testes de conviv\u00eancia entre as tecnologias LTE e TV Digital, realizados no in\u00edcio deste ano. O objetivo \u00e9 informar a comunidade acad\u00eamica e profissional, al\u00e9m de institui\u00e7\u00f5es parceiras, sobre as conclus\u00f5es da pesquisa, que utilizou parte da estrutura laboratorial do Instituto.<\/p>\n<p>\u201cEsta apresenta\u00e7\u00e3o \u00e9 parte dos compromissos assumidos entre n\u00f3s da Anatel com o Inatel, como uma forma de dar a satisfa\u00e7\u00e3o necess\u00e1ria aos recursos utilizados para a manuten\u00e7\u00e3o do laborat\u00f3rio utilizado para os referidos testes\u201d, explica o ex-aluno e coordenador de Atribui\u00e7\u00e3o e Planejamento do Espectro, \u00d3rbita e Radiodifus\u00e3o da Ag\u00eancia, Tarc\u00edsio Bakaus.<\/p>\n<p>Os testes de compatibilidade entre os dois sistemas foram realizados no Instituto nos meses de janeiro e fevereiro e, paralelamente, na cidade de Piren\u00f3polis (GO), onde aconteceram os testes em campo. Os estudos foram conduzidos por uma equipe de t\u00e9cnicos e engenheiros da ag\u00eancia reguladora, com o suporte da equipe de especialistas da institui\u00e7\u00e3o e de outras institui\u00e7\u00f5es do pa\u00eds como Sociedade Brasileira de Televis\u00e3o (SET), Sindicato Nacional das Empresas de Telefonia e de Servi\u00e7o M\u00f3vel Celular e Pessoal (Sinditelebrasil), CPqD, Certlab, Rede Globo, entre outras.<\/p>\n<p>Em linhas gerais, os testes apontaram que as interfer\u00eancias entre os sistemas de TV Digital e LTE em 700 MHz n\u00e3o s\u00e3o suficientes para afetar a disponibilidade dos servi\u00e7os aos usu\u00e1rios e podem ser evitadas por meio de t\u00e9cnicas de mitiga\u00e7\u00e3o. Na apresenta\u00e7\u00e3o, Tarc\u00edsio e o agente de Fiscaliza\u00e7\u00e3o Jamilson Ramos, trar\u00e3o mais detalhes sobre os resultados dos testes e como ser\u00e1 o uso da faixa de 700 Mhz.<\/p>\n<p>Esta ser\u00e1 a primeira apresenta\u00e7\u00e3o p\u00fablica realizada pela Anatel no pa\u00eds. Outras semelhantes aconteceram no F\u00f3rum Regional para a Regi\u00e3o das Am\u00e9ricas da UIT, realizado no Panam\u00e1, na XXIV Reuni\u00e3o do Comit\u00ea Consultivo II da Comiss\u00e3o Interamericana de Telecomunica\u00e7\u00f5es, realizada no M\u00e9xico, e, em Bras\u00edlia, especificamente para a Secretaria Nacional de Telecomunica\u00e7\u00f5es do Equador.<\/p>\n<p>A apresenta\u00e7\u00e3o acontece a partir das 15h30, no Audit\u00f3rio Aureliano Chaves, no campus do Inatel, em Santa Rita do Sapuca\u00ed (MG). Logo ap\u00f3s ser\u00e1 realizada uma apresenta\u00e7\u00e3o sobre a Gest\u00e3o de Espectro no Brasil e no Mundo, tamb\u00e9m conduzida pela Anatel.<\/p>\n<p>Fonte: FNDC<\/p>\n","protected":false},"excerpt":{"rendered":"<p>Na pr\u00f3xima ter\u00e7a-feira, 25 de novembro, representantes da Ag\u00eancia Nacional de Telecomunica\u00e7\u00f5es (Anatel) estar\u00e3o no Inatel para apresentar os resultados dos testes de conviv\u00eancia entre as tecnologias LTE e TV Digital, realizados no in\u00edcio deste ano. O objetivo \u00e9 informar a comunidade acad\u00eamica e profissional, al\u00e9m de institui\u00e7\u00f5es parceiras, sobre as conclus\u00f5es da pesquisa, que [&hellip;]<\/p>\n","protected":false},"author":3,"featured_media":0,"comment_status":"open","ping_status":"open","sticky":false,"template":"","format":"standard","meta":{"footnotes":""},"categories":[52,5],"tags":[53,75],"class_list":["post-2947","post","type-post","status-publish","format-standard","hentry","category-700mhz","category-tv-digital","tag-700mhz-2","tag-tv-digital"],"_links":{"self":[{"href":"https:\/\/www.gingadf.com.br\/blogGinga\/wp-json\/wp\/v2\/posts\/2947","targetHints":{"allow":["GET"]}}],"collection":[{"href":"https:\/\/www.gingadf.com.br\/blogGinga\/wp-json\/wp\/v2\/posts"}],"about":[{"href":"https:\/\/www.gingadf.com.br\/blogGinga\/wp-json\/wp\/v2\/types\/post"}],"author":[{"embeddable":true,"href":"https:\/\/www.gingadf.com.br\/blogGinga\/wp-json\/wp\/v2\/users\/3"}],"replies":[{"embeddable":true,"href":"https:\/\/www.gingadf.com.br\/blogGinga\/wp-json\/wp\/v2\/comments?post=2947"}],"version-history":[{"count":1,"href":"https:\/\/www.gingadf.com.br\/blogGinga\/wp-json\/wp\/v2\/posts\/2947\/revisions"}],"predecessor-version":[{"id":2948,"href":"https:\/\/www.gingadf.com.br\/blogGinga\/wp-json\/wp\/v2\/posts\/2947\/revisions\/2948"}],"wp:attachment":[{"href":"https:\/\/www.gingadf.com.br\/blogGinga\/wp-json\/wp\/v2\/media?parent=2947"}],"wp:term":[{"taxonomy":"category","embeddable":true,"href":"https:\/\/www.gingadf.com.br\/blogGinga\/wp-json\/wp\/v2\/categories?post=2947"},{"taxonomy":"post_tag","embeddable":true,"href":"https:\/\/www.gingadf.com.br\/blogGinga\/wp-json\/wp\/v2\/tags?post=2947"}],"curies":[{"name":"wp","href":"https:\/\/api.w.org\/{rel}","templated":true}]}}