{"id":2914,"date":"2014-08-26T10:30:17","date_gmt":"2014-08-26T13:30:17","guid":{"rendered":"https:\/\/www.gingadf.com.br\/blogGinga\/?p=2914"},"modified":"2014-08-26T10:31:46","modified_gmt":"2014-08-26T13:31:46","slug":"700mhz-emissoras-dizem-que-r-36-bilhoes-nao-digitalizam-tvs","status":"publish","type":"post","link":"https:\/\/www.gingadf.com.br\/blogGinga\/700mhz-emissoras-dizem-que-r-36-bilhoes-nao-digitalizam-tvs\/","title":{"rendered":"700MHz: Emissoras dizem que R$ 3,6 bilh\u00f5es n\u00e3o digitalizam TVs"},"content":{"rendered":"<p>Assim que saiu o edital da faixa de 700 MHz, a Associa\u00e7\u00e3o Brasileira de Emissoras de R\u00e1dio e Televis\u00e3o (Abert) &#8211; que representa a Globo e o SBT &#8211; reclamou. Para elas, o valor previsto para ressarcir os radiodifusores \u00e9 pouco. Assim, &#8220;a Abert estuda medidas cab\u00edveis a serem adotadas&#8221;.<\/p>\n<p>&#8220;A entidade considera insuficiente o valor de R$ 3,6 bilh\u00f5es reservado ao pagamento dos custos decorrentes da redistribui\u00e7\u00e3o dos canais de TV e RTV, aos investimentos no switch off da televis\u00e3o anal\u00f3gica, e \u00e0s solu\u00e7\u00f5es para os problemas de interfer\u00eancias da banda larga na TV digital&#8221;, diz nota da Abert.<\/p>\n<p>&#8220;Conforme reiteradas vezes declarado \u00e0s autoridades p\u00fablicas competentes, os radiodifusores calculam um valor em muito superior ao constante do edital&#8221;, segue a missiva. As emissoras chegaram a sugerir que esperavam praticamente o dobro &#8211; cerca de R$ 6 bilh\u00f5es &#8211; com base na experi\u00eancia do Jap\u00e3o.<\/p>\n<p>Para as tev\u00eas, &#8220;a garantia de aportes complementares, na hip\u00f3tese de insufici\u00eancia de recursos para a execu\u00e7\u00e3o das atividades de mitiga\u00e7\u00e3o, como proposto no edital, gera inseguran\u00e7a jur\u00eddica quanto ao seu efetivo cumprimento, por apresentar car\u00e1ter abrangente&#8221;.<\/p>\n<p>J\u00e1 o sindicato nacional das operadoras m\u00f3veis preferiu n\u00e3o se manifestar. Nesse caso, porque as estrat\u00e9gias das empresas s\u00e3o distintas diante da licita\u00e7\u00e3o, prevista para 30\/9. Al\u00e9m do valor previsto para os equipamentos de transmiss\u00e3o e recep\u00e7\u00e3o da TV Digital, o edital prev\u00ea um pre\u00e7o m\u00ednimo total de R$ 7,7 bilh\u00f5es pelo uso da faixa.<\/p>\n<p>Fonte: FNDC<\/p>\n","protected":false},"excerpt":{"rendered":"<p>Assim que saiu o edital da faixa de 700 MHz, a Associa\u00e7\u00e3o Brasileira de Emissoras de R\u00e1dio e Televis\u00e3o (Abert) &#8211; que representa a Globo e o SBT &#8211; reclamou. Para elas, o valor previsto para ressarcir os radiodifusores \u00e9 pouco. Assim, &#8220;a Abert estuda medidas cab\u00edveis a serem adotadas&#8221;. &#8220;A entidade considera insuficiente o [&hellip;]<\/p>\n","protected":false},"author":3,"featured_media":0,"comment_status":"open","ping_status":"open","sticky":false,"template":"","format":"standard","meta":{"footnotes":""},"categories":[52],"tags":[53],"class_list":["post-2914","post","type-post","status-publish","format-standard","hentry","category-700mhz","tag-700mhz-2"],"_links":{"self":[{"href":"https:\/\/www.gingadf.com.br\/blogGinga\/wp-json\/wp\/v2\/posts\/2914","targetHints":{"allow":["GET"]}}],"collection":[{"href":"https:\/\/www.gingadf.com.br\/blogGinga\/wp-json\/wp\/v2\/posts"}],"about":[{"href":"https:\/\/www.gingadf.com.br\/blogGinga\/wp-json\/wp\/v2\/types\/post"}],"author":[{"embeddable":true,"href":"https:\/\/www.gingadf.com.br\/blogGinga\/wp-json\/wp\/v2\/users\/3"}],"replies":[{"embeddable":true,"href":"https:\/\/www.gingadf.com.br\/blogGinga\/wp-json\/wp\/v2\/comments?post=2914"}],"version-history":[{"count":2,"href":"https:\/\/www.gingadf.com.br\/blogGinga\/wp-json\/wp\/v2\/posts\/2914\/revisions"}],"predecessor-version":[{"id":2916,"href":"https:\/\/www.gingadf.com.br\/blogGinga\/wp-json\/wp\/v2\/posts\/2914\/revisions\/2916"}],"wp:attachment":[{"href":"https:\/\/www.gingadf.com.br\/blogGinga\/wp-json\/wp\/v2\/media?parent=2914"}],"wp:term":[{"taxonomy":"category","embeddable":true,"href":"https:\/\/www.gingadf.com.br\/blogGinga\/wp-json\/wp\/v2\/categories?post=2914"},{"taxonomy":"post_tag","embeddable":true,"href":"https:\/\/www.gingadf.com.br\/blogGinga\/wp-json\/wp\/v2\/tags?post=2914"}],"curies":[{"name":"wp","href":"https:\/\/api.w.org\/{rel}","templated":true}]}}