{"id":2910,"date":"2014-08-26T09:31:29","date_gmt":"2014-08-26T12:31:29","guid":{"rendered":"https:\/\/www.gingadf.com.br\/blogGinga\/?p=2910"},"modified":"2014-08-26T09:31:29","modified_gmt":"2014-08-26T12:31:29","slug":"700mhz-abert-estuda-pedir-impugnacao-do-novo-edital-de-4g","status":"publish","type":"post","link":"https:\/\/www.gingadf.com.br\/blogGinga\/700mhz-abert-estuda-pedir-impugnacao-do-novo-edital-de-4g\/","title":{"rendered":"700MHz: Abert estuda pedir impugna\u00e7\u00e3o do novo edital de 4G"},"content":{"rendered":"<p>Retirar a previs\u00e3o de que aportes adicionais necess\u00e1rios para o ressarcimento da radiodifus\u00e3o seriam compensados na renova\u00e7\u00e3o das outorgas enfraquece o edital de licita\u00e7\u00e3o de venda da faixa de 700 MHz. Essa \u00e9 a opini\u00e3o da Associa\u00e7\u00e3o Brasileira das Emissoras de R\u00e1dio e TV (Abert).<\/p>\n<p>Conforme nota divulgada na \u00faltima quinta, 21, a associa\u00e7\u00e3o estuda medidas cab\u00edveis contra o edital de venda da faixa. De acordo com o diretor geral da Abert, Luis Roberto Antonik, em princ\u00edpio, essa medida seria um pedido de impugna\u00e7\u00e3o do edital junto \u00e0 comiss\u00e3o de licita\u00e7\u00e3o da Anatel.<\/p>\n<p>&#8220;Nossa reclama\u00e7\u00e3o \u00e9 com rela\u00e7\u00e3o ao valor. T\u00ednhamos calculado valores maiores \u2013 entre R$ 4,5 bilh\u00f5es e R$ 5 bilh\u00f5es&#8221;, afirma ele. Sem a garantia de que as teles possam reaver os dep\u00f3sitos adicionais, caso sejam necess\u00e1rios, a associa\u00e7\u00e3o teme que, se faltar recursos, a Anatel n\u00e3o tenha instrumentos que possam garantir os aportes adicionais das teles.<\/p>\n<p>Segundo Antonik, a Abert, por enquanto, n\u00e3o pensa em a\u00e7\u00e3o judicial. &#8220;Nesse momento, n\u00e3o. Se formos fazer alguma coisa, \u00e9 a impugna\u00e7\u00e3o do edital&#8221;.<\/p>\n<p>A retirada do mecanismo que previa a compensa\u00e7\u00e3o dos aportes adicionais no momento da renova\u00e7\u00e3o da outorga foi feita a pedido do Tribunal de Contas da Uni\u00e3o (TCU). O \u00f3rg\u00e3o de controle questionou a Anatel se essa compensa\u00e7\u00e3o poderia acontecer sem a devida previs\u00e3o or\u00e7ament\u00e1ria e, caso a empresa n\u00e3o pudesse renovar a outorga, se isso n\u00e3o se configuraria enriquecimento il\u00edcito do poder p\u00fablico.<\/p>\n<p>Fonte : Tela Viva<\/p>\n","protected":false},"excerpt":{"rendered":"<p>Retirar a previs\u00e3o de que aportes adicionais necess\u00e1rios para o ressarcimento da radiodifus\u00e3o seriam compensados na renova\u00e7\u00e3o das outorgas enfraquece o edital de licita\u00e7\u00e3o de venda da faixa de 700 MHz. Essa \u00e9 a opini\u00e3o da Associa\u00e7\u00e3o Brasileira das Emissoras de R\u00e1dio e TV (Abert). Conforme nota divulgada na \u00faltima quinta, 21, a associa\u00e7\u00e3o estuda [&hellip;]<\/p>\n","protected":false},"author":3,"featured_media":0,"comment_status":"open","ping_status":"open","sticky":false,"template":"","format":"standard","meta":{"footnotes":""},"categories":[52],"tags":[53],"class_list":["post-2910","post","type-post","status-publish","format-standard","hentry","category-700mhz","tag-700mhz-2"],"_links":{"self":[{"href":"https:\/\/www.gingadf.com.br\/blogGinga\/wp-json\/wp\/v2\/posts\/2910","targetHints":{"allow":["GET"]}}],"collection":[{"href":"https:\/\/www.gingadf.com.br\/blogGinga\/wp-json\/wp\/v2\/posts"}],"about":[{"href":"https:\/\/www.gingadf.com.br\/blogGinga\/wp-json\/wp\/v2\/types\/post"}],"author":[{"embeddable":true,"href":"https:\/\/www.gingadf.com.br\/blogGinga\/wp-json\/wp\/v2\/users\/3"}],"replies":[{"embeddable":true,"href":"https:\/\/www.gingadf.com.br\/blogGinga\/wp-json\/wp\/v2\/comments?post=2910"}],"version-history":[{"count":1,"href":"https:\/\/www.gingadf.com.br\/blogGinga\/wp-json\/wp\/v2\/posts\/2910\/revisions"}],"predecessor-version":[{"id":2911,"href":"https:\/\/www.gingadf.com.br\/blogGinga\/wp-json\/wp\/v2\/posts\/2910\/revisions\/2911"}],"wp:attachment":[{"href":"https:\/\/www.gingadf.com.br\/blogGinga\/wp-json\/wp\/v2\/media?parent=2910"}],"wp:term":[{"taxonomy":"category","embeddable":true,"href":"https:\/\/www.gingadf.com.br\/blogGinga\/wp-json\/wp\/v2\/categories?post=2910"},{"taxonomy":"post_tag","embeddable":true,"href":"https:\/\/www.gingadf.com.br\/blogGinga\/wp-json\/wp\/v2\/tags?post=2910"}],"curies":[{"name":"wp","href":"https:\/\/api.w.org\/{rel}","templated":true}]}}