{"id":2808,"date":"2014-05-15T23:05:44","date_gmt":"2014-05-16T02:05:44","guid":{"rendered":"https:\/\/www.gingadf.com.br\/blogGinga\/?p=2808"},"modified":"2014-05-15T23:05:44","modified_gmt":"2014-05-16T02:05:44","slug":"tv-digital-acesso-a-tv-digital-deve-chegar-a-65-dos-brasileiros-ainda-neste-ano","status":"publish","type":"post","link":"https:\/\/www.gingadf.com.br\/blogGinga\/tv-digital-acesso-a-tv-digital-deve-chegar-a-65-dos-brasileiros-ainda-neste-ano\/","title":{"rendered":"TV DIgital: Acesso \u00e0 TV digital deve chegar a 65% dos brasileiros ainda neste ano"},"content":{"rendered":"<p>De acordo com uma mat\u00e9ria publicada no jornal &#8220;O Estado de S\u00e3o Paulo&#8221;, o governo pretende disponibilizar o acesso \u00e0 TV digital para 65% da popula\u00e7\u00e3o at\u00e9 o final deste ano. O investimento necess\u00e1rio para a conclus\u00e3o do projeto \u00e9 estimado em R$ 3,5 bilh\u00f5es.<\/p>\n<p>O objetivo inicial do Minist\u00e9rio das Comunica\u00e7\u00f5es \u00e9 levar o sinal \u00e0s cidades com mais de 100 mil habitantes. Al\u00e9m disso, todas as capitais ou regi\u00f5es metropolitanas devem ter no m\u00ednimo quatro emissoras atuando com a tecnologia digital.<\/p>\n<p>O desligamento da TV anal\u00f3gica ser\u00e1 feito de maneira gradativa, a Ag\u00eancia Nacional de Telecomunica\u00e7\u00f5es (Anatel) ainda deve definir o canal digital destinado \u00e0s esta\u00e7\u00f5es de baixa pot\u00eancia. O prazo dado pelo Minist\u00e9rio das Comunica\u00e7\u00f5es vai at\u00e9 2017 e as emissoras de televis\u00e3o ter\u00e3o at\u00e9 2018 para entrar no ar.<\/p>\n<p>A transi\u00e7\u00e3o \u00e9 indispens\u00e1vel para o leil\u00e3o 4G na faixa de 700 MHz, hoje, ocupada pelos canais de televis\u00e3o anal\u00f3gicos.<\/p>\n<p>Fonte: FNDC<\/p>\n","protected":false},"excerpt":{"rendered":"<p>De acordo com uma mat\u00e9ria publicada no jornal &#8220;O Estado de S\u00e3o Paulo&#8221;, o governo pretende disponibilizar o acesso \u00e0 TV digital para 65% da popula\u00e7\u00e3o at\u00e9 o final deste ano. O investimento necess\u00e1rio para a conclus\u00e3o do projeto \u00e9 estimado em R$ 3,5 bilh\u00f5es. O objetivo inicial do Minist\u00e9rio das Comunica\u00e7\u00f5es \u00e9 levar o [&hellip;]<\/p>\n","protected":false},"author":3,"featured_media":0,"comment_status":"open","ping_status":"open","sticky":false,"template":"","format":"standard","meta":{"footnotes":""},"categories":[4,5],"tags":[72,75],"class_list":["post-2808","post","type-post","status-publish","format-standard","hentry","category-noticia","category-tv-digital","tag-noticia","tag-tv-digital"],"_links":{"self":[{"href":"https:\/\/www.gingadf.com.br\/blogGinga\/wp-json\/wp\/v2\/posts\/2808","targetHints":{"allow":["GET"]}}],"collection":[{"href":"https:\/\/www.gingadf.com.br\/blogGinga\/wp-json\/wp\/v2\/posts"}],"about":[{"href":"https:\/\/www.gingadf.com.br\/blogGinga\/wp-json\/wp\/v2\/types\/post"}],"author":[{"embeddable":true,"href":"https:\/\/www.gingadf.com.br\/blogGinga\/wp-json\/wp\/v2\/users\/3"}],"replies":[{"embeddable":true,"href":"https:\/\/www.gingadf.com.br\/blogGinga\/wp-json\/wp\/v2\/comments?post=2808"}],"version-history":[{"count":1,"href":"https:\/\/www.gingadf.com.br\/blogGinga\/wp-json\/wp\/v2\/posts\/2808\/revisions"}],"predecessor-version":[{"id":2809,"href":"https:\/\/www.gingadf.com.br\/blogGinga\/wp-json\/wp\/v2\/posts\/2808\/revisions\/2809"}],"wp:attachment":[{"href":"https:\/\/www.gingadf.com.br\/blogGinga\/wp-json\/wp\/v2\/media?parent=2808"}],"wp:term":[{"taxonomy":"category","embeddable":true,"href":"https:\/\/www.gingadf.com.br\/blogGinga\/wp-json\/wp\/v2\/categories?post=2808"},{"taxonomy":"post_tag","embeddable":true,"href":"https:\/\/www.gingadf.com.br\/blogGinga\/wp-json\/wp\/v2\/tags?post=2808"}],"curies":[{"name":"wp","href":"https:\/\/api.w.org\/{rel}","templated":true}]}}