{"id":2577,"date":"2013-08-01T22:17:39","date_gmt":"2013-08-02T01:17:39","guid":{"rendered":"https:\/\/www.gingadf.com.br\/blogGinga\/?p=2577"},"modified":"2013-08-01T22:17:39","modified_gmt":"2013-08-02T01:17:39","slug":"tv-analogica-peru-adianta-switch-off-da-tv-analogica","status":"publish","type":"post","link":"https:\/\/www.gingadf.com.br\/blogGinga\/tv-analogica-peru-adianta-switch-off-da-tv-analogica\/","title":{"rendered":"TV Anal\u00f3gica: Peru adianta switch-off da TV anal\u00f3gica"},"content":{"rendered":"<p>Peru n\u00e3o desligar\u00e1 o seu sistema de TV anal\u00f3gica antes de 2020. As cidades de Lima e Callao ser\u00e3o as primeiras a finalizar a migra\u00e7\u00e3o para TV digital. No restante do pa\u00eds a mudan\u00e7a deve acontecer entre 2022 e 2024.<\/p>\n<p>Os prazos s\u00e3o, na realidade, uma revis\u00e3o otimista das estimativas anteriores, que previam o switch-off para acontecer mais tarde. As vendas aquecidas de receptores de TV digital no pa\u00eds levaram o governo a acelerar o processo de transi\u00e7\u00e3o.<\/p>\n<p>De acordo com o jornal El Comercio, Ra\u00fal P\u00e9rez-Reyes, o ministro das Comunica\u00e7\u00f5es, preferiu n\u00e3o dar quaisquer dados oficiais sobre as vendas do decodificador ISDB-T, mas afirmou que uma pesquisa est\u00e1 sendo realizada para determinar a mudan\u00e7a nos planos de transi\u00e7\u00e3o para a TV digital.<\/p>\n<p>A economia do Peru est\u00e1 crescendo rapidamente, impulsionada pelo crescimento dos pa\u00edses vizinhos. A Samsung, por exemplo, estima que as vendas de TV digital e decodificadores aumentar\u00e3o 20% este ano, o mesmo percentual de 2012.<\/p>\n<p>Canais mais peruanos j\u00e1 est\u00e3o testando da TV digital e as transmiss\u00f5es em HD, mas algumas mudan\u00e7as tecnol\u00f3gicas precisam ser feitas e novas regras de mercado estabelecidas.<\/p>\n<p>Fonte: Tela Viva<\/p>\n","protected":false},"excerpt":{"rendered":"<p>Peru n\u00e3o desligar\u00e1 o seu sistema de TV anal\u00f3gica antes de 2020. As cidades de Lima e Callao ser\u00e3o as primeiras a finalizar a migra\u00e7\u00e3o para TV digital. No restante do pa\u00eds a mudan\u00e7a deve acontecer entre 2022 e 2024. Os prazos s\u00e3o, na realidade, uma revis\u00e3o otimista das estimativas anteriores, que previam o switch-off [&hellip;]<\/p>\n","protected":false},"author":3,"featured_media":0,"comment_status":"open","ping_status":"open","sticky":false,"template":"","format":"standard","meta":{"footnotes":""},"categories":[19,41],"tags":[80,42],"class_list":["post-2577","post","type-post","status-publish","format-standard","hentry","category-paises-tvd","category-tv-analogica","tag-paises-tvd","tag-tv-analogica-2"],"_links":{"self":[{"href":"https:\/\/www.gingadf.com.br\/blogGinga\/wp-json\/wp\/v2\/posts\/2577","targetHints":{"allow":["GET"]}}],"collection":[{"href":"https:\/\/www.gingadf.com.br\/blogGinga\/wp-json\/wp\/v2\/posts"}],"about":[{"href":"https:\/\/www.gingadf.com.br\/blogGinga\/wp-json\/wp\/v2\/types\/post"}],"author":[{"embeddable":true,"href":"https:\/\/www.gingadf.com.br\/blogGinga\/wp-json\/wp\/v2\/users\/3"}],"replies":[{"embeddable":true,"href":"https:\/\/www.gingadf.com.br\/blogGinga\/wp-json\/wp\/v2\/comments?post=2577"}],"version-history":[{"count":1,"href":"https:\/\/www.gingadf.com.br\/blogGinga\/wp-json\/wp\/v2\/posts\/2577\/revisions"}],"predecessor-version":[{"id":2578,"href":"https:\/\/www.gingadf.com.br\/blogGinga\/wp-json\/wp\/v2\/posts\/2577\/revisions\/2578"}],"wp:attachment":[{"href":"https:\/\/www.gingadf.com.br\/blogGinga\/wp-json\/wp\/v2\/media?parent=2577"}],"wp:term":[{"taxonomy":"category","embeddable":true,"href":"https:\/\/www.gingadf.com.br\/blogGinga\/wp-json\/wp\/v2\/categories?post=2577"},{"taxonomy":"post_tag","embeddable":true,"href":"https:\/\/www.gingadf.com.br\/blogGinga\/wp-json\/wp\/v2\/tags?post=2577"}],"curies":[{"name":"wp","href":"https:\/\/api.w.org\/{rel}","templated":true}]}}