{"id":2487,"date":"2013-06-10T19:38:44","date_gmt":"2013-06-10T22:38:44","guid":{"rendered":"https:\/\/www.gingadf.com.br\/blogGinga\/?p=2487"},"modified":"2013-06-10T19:38:44","modified_gmt":"2013-06-10T22:38:44","slug":"tv-digital-nao-queremos-que-ninguem-fique-sem-a-sua-novela-diz-ministro-sobre-troca-do-sistema-de-sinal-da-tv-paulo-bernardo-diz-que-governo-garantira-financiamento-para-compra-do-aparelho-ou-d","status":"publish","type":"post","link":"https:\/\/www.gingadf.com.br\/blogGinga\/tv-digital-nao-queremos-que-ninguem-fique-sem-a-sua-novela-diz-ministro-sobre-troca-do-sistema-de-sinal-da-tv-paulo-bernardo-diz-que-governo-garantira-financiamento-para-compra-do-aparelho-ou-d\/","title":{"rendered":"TV Digital: &#8216;N\u00e3o queremos que ningu\u00e9m fique sem a sua novela&#8217;, diz ministro, sobre troca do sistema de sinal da TV Paulo Bernardo diz que governo garantir\u00e1 financiamento para compra do aparelho ou do conversor para o sinal digital"},"content":{"rendered":"<p>No gabinete do oitavo andar do Minist\u00e9rio das Comunica\u00e7\u00f5es, Paulo Bernardo guarda o plano de transi\u00e7\u00e3o que vai mudar a forma como o Brasil v\u00ea televis\u00e3o. Com a troca do sinal anal\u00f3gico para o digital programada para junho de 2016, o governo federal elabora a\u00e7\u00f5es para reduzir problemas. Em tr\u00eas anos, o sinal de TV aberta chegar\u00e1 s\u00f3 para quem tiver um aparelho digital, ou ent\u00e3o para aqueles que adquirirem um conversor.<\/p>\n<p>O ministro pretende desligar o atual sistema de forma gradual, de 2015 a 2018. Ainda prev\u00ea subs\u00eddios e financiamentos com juros mais baixos para a compra dos novos televisores. As duas a\u00e7\u00f5es constam no cronograma, apresentado \u00e0 presidente Dilma Rousseff na quinta-feira. No mesmo dia, Bernardo recebeu Zero Hora e adiantou com exclusividade algumas a\u00e7\u00f5es. Confira trechos da entrevista.<\/p>\n<h3><strong>Teste de desligamento<\/strong><\/h3>\n<p>O cronograma de transi\u00e7\u00e3o da TV digital inclui a escolha de cidades que passar\u00e3o pelo &#8220;teste do desligamento pr\u00e9vio&#8221;, para identificar problemas que possam surgir. Santa Cruz do Sul est\u00e1 na lista de possibilidades do Minist\u00e9rio das Comunica\u00e7\u00f5es.<\/p>\n<p><strong>ZH \u2013 Com o encerramento das transmiss\u00f5es anal\u00f3gicas em 2016, a popula\u00e7\u00e3o corre o risco de ficar sem a TV aberta?<\/strong><br \/>\nPaulo Bernardo \u2013 A TV digital hoje convive com a TV anal\u00f3gica. Os dois sinais est\u00e3o sendo transmitidos. No entanto, a previs\u00e3o \u00e9 que no dia 30 de junho de 2016 o sinal anal\u00f3gico seja desligado. Ou seja, vai parar de transmitir o anal\u00f3gico e vai ter s\u00f3 TV digital. Ent\u00e3o, quem n\u00e3o tiver aparelho digital n\u00e3o vai receber (sinal de) televis\u00e3o.<\/p>\n<p><strong>ZH \u2013 O que ser\u00e1 feito at\u00e9 l\u00e1?<\/strong><br \/>\nBernardo \u2013 At\u00e9 l\u00e1, precisamos resolver duas coisas. Uma \u00e9 acabar de completar a transmiss\u00e3o de televis\u00e3o digital. E, depois disso, promover que as pessoas tenham TV digital em casa ou um conversor que receba o sinal digital e passe para uma TV anal\u00f3gica. O governo vai garantir financiamento com juros adequados. A pessoa vai ter tempo para trocar a televis\u00e3o. A\u00ed algu\u00e9m poder\u00e1 dizer &#8220;Ah, mas eu t\u00f4 sem dinheiro!&#8221;. Mas n\u00f3s faremos o juro diferenciado. Ou seja, o consumidor vai pagar com boas condi\u00e7\u00f5es.<\/p>\n<p><strong>ZH \u2013 A lei prev\u00ea hoje que o encerramento do sinal anal\u00f3gico ocorra em \u00fanica data em junho de 2016. O senhor pensa em mudar isso?<\/strong><br \/>\nBernardo \u2013 Sim. Em vez de fazer tudo em uma data, vamos come\u00e7ar em 2015 e ir promovendo o desligamento, a partir das capitais para o Interior, at\u00e9 2018. Com isso, n\u00e3o geramos um estresse numa data \u00fanica, e evita press\u00e3o sobre as empresas e sobre o telespectador por fazer tudo de uma vez s\u00f3.<\/p>\n<p><strong>ZH \u2013 Ent\u00e3o n\u00e3o h\u00e1 motivos para se preocupar<\/strong>?<br \/>\nBernardo \u2013 N\u00e3o queremos que ningu\u00e9m fique sem a sua novela (risos). A ideia \u00e9 fazer acordos com ind\u00fastria e com\u00e9rcio. O governo garantir\u00e1 financiamento para compra do aparelho ou do conversor. \u00c9 para garantir que ningu\u00e9m fique sem o aparelho, at\u00e9 porque televis\u00e3o \u00e9 a maior divers\u00e3o do brasileiro. Se voc\u00ea desligar (o sinal anal\u00f3gico) e deixar parcela significativa da popula\u00e7\u00e3o fora \u00e9 claro que vai ser ruim.<\/p>\n<p><strong>ZH \u2013 O senhor tem acompanhado as dificuldades para instala\u00e7\u00e3o de antenas de telefonia m\u00f3vel em diversas cidades. Ao mesmo tempo, crescem as reclama\u00e7\u00f5es sobre o sinal de telefone. Como resolver isso?<\/strong><br \/>\nBernardo \u2013 O problema \u00e9 que o celular \u00e9 cada vez mais um item essencial para as pessoas. E agora elas querem telefone com internet. Ent\u00e3o, n\u00f3s precisamos ter servi\u00e7o de qualidade, o que exige antenas. As cidades rejeitam as antenas por dois motivos: a polui\u00e7\u00e3o visual e porque tem gente que acha que a radia\u00e7\u00e3o faz mal.<\/p>\n<p><strong>ZH \u2013 A radia\u00e7\u00e3o n\u00e3o faz mal? <\/strong><br \/>\nBernardo \u2013 H\u00e1 uns 12, 13 anos, havia muito essa discuss\u00e3o sobre preju\u00edzos da radia\u00e7\u00e3o do celular para a sa\u00fade. Mas, depois disso, foram divulgados estudos, principalmente da OMS (Organiza\u00e7\u00e3o Mundial da Sa\u00fade), mostrando que a radia\u00e7\u00e3o do celular \u00e9 muitas vezes menor do que a de um aparelho el\u00e9trico, um transformador, por exemplo. No site da Anatel h\u00e1 um sistema que permite digitar um endere\u00e7o qualquer e saber quanto de radia\u00e7\u00e3o est\u00e1 sendo emitido pelos celulares ou pelas antenas na regi\u00e3o.<\/p>\n<p><strong>ZH \u2013 E quanto \u00e0 polui\u00e7\u00e3o visual?<\/strong><br \/>\nBernardo \u2013 Hoje, h\u00e1 antenas menores, com dimens\u00f5es menores, e possibilidades tecnol\u00f3gicas que d\u00e3o conta de resolver isso. Aqui em Bras\u00edlia tem at\u00e9 antena disfar\u00e7ada de coqueiro. S\u00e3o solu\u00e7\u00f5es que permitem melhorar a infraestrutura na cidade, sem agredir o visual. \u00c9 claro que ningu\u00e9m vai chegar l\u00e1 na Usina do Gas\u00f4metro e espetar um monte de antenas porque a cidade n\u00e3o vai se conformar com isso. Ningu\u00e9m quer acabar com a paisagem.<\/p>\n<p><strong>ZH \u2013 O senhor j\u00e1 disse que Porto Alegre tem uma das legisla\u00e7\u00f5es mais restritivas \u00e0 instala\u00e7\u00e3o de antenas. \u00c9 preciso modificar a lei?<\/strong><br \/>\nBernardo \u2013 Com certeza. J\u00e1 falei inclusive com o prefeito Jos\u00e9 Fortunati. Eu o conhe\u00e7o h\u00e1 muito tempo. Ponderei com ele que a legisla\u00e7\u00e3o de Porto Alegre \u00e9 dif\u00edcil. Com a burocracia, leva-se de sete meses a um ano para conseguir decidir pela instala\u00e7\u00e3o de uma antena. Ou seja, por um lado, n\u00f3s temos milh\u00f5es de pessoas querendo tecnologia boa, com qualidade e com velocidade. E por outro, h\u00e1 uma resist\u00eancia na lei. Precisamos compatibilizar.<\/p>\n<p><strong>ZH \u2013 H\u00e1 projeto no Congresso para tornar mais clara a legisla\u00e7\u00e3o sobre instala\u00e7\u00e3o de antenas. O senhor acredita que isto facilitar\u00e1?<\/strong><br \/>\nBernardo \u2013 Tudo que \u00e9 responsabilidade federal est\u00e1 pacificado, resolvido. A ressalva \u00e9 que o munic\u00edpio tem a prerrogativa de decidir sobre o uso do solo, de acordo com o plano diretor. Isso vai continuar sendo prerrogativa do munic\u00edpio. Ent\u00e3o, a sa\u00edda para os munic\u00edpios \u00e9 o di\u00e1logo. Eu conversei com o prefeito do Rio, Eduardo Paes, que j\u00e1 mudou a legisla\u00e7\u00e3o. Podemos, por meio do di\u00e1logo, achar uma boa sa\u00edda para a cidade e para a implanta\u00e7\u00e3o das antenas, que n\u00f3s precisamos.<\/p>\n","protected":false},"excerpt":{"rendered":"<p>No gabinete do oitavo andar do Minist\u00e9rio das Comunica\u00e7\u00f5es, Paulo Bernardo guarda o plano de transi\u00e7\u00e3o que vai mudar a forma como o Brasil v\u00ea televis\u00e3o. Com a troca do sinal anal\u00f3gico para o digital programada para junho de 2016, o governo federal elabora a\u00e7\u00f5es para reduzir problemas. Em tr\u00eas anos, o sinal de TV [&hellip;]<\/p>\n","protected":false},"author":3,"featured_media":0,"comment_status":"open","ping_status":"open","sticky":false,"template":"","format":"standard","meta":{"footnotes":""},"categories":[9],"tags":[68],"class_list":["post-2487","post","type-post","status-publish","format-standard","hentry","category-entrevista","tag-entrevista"],"_links":{"self":[{"href":"https:\/\/www.gingadf.com.br\/blogGinga\/wp-json\/wp\/v2\/posts\/2487","targetHints":{"allow":["GET"]}}],"collection":[{"href":"https:\/\/www.gingadf.com.br\/blogGinga\/wp-json\/wp\/v2\/posts"}],"about":[{"href":"https:\/\/www.gingadf.com.br\/blogGinga\/wp-json\/wp\/v2\/types\/post"}],"author":[{"embeddable":true,"href":"https:\/\/www.gingadf.com.br\/blogGinga\/wp-json\/wp\/v2\/users\/3"}],"replies":[{"embeddable":true,"href":"https:\/\/www.gingadf.com.br\/blogGinga\/wp-json\/wp\/v2\/comments?post=2487"}],"version-history":[{"count":2,"href":"https:\/\/www.gingadf.com.br\/blogGinga\/wp-json\/wp\/v2\/posts\/2487\/revisions"}],"predecessor-version":[{"id":2489,"href":"https:\/\/www.gingadf.com.br\/blogGinga\/wp-json\/wp\/v2\/posts\/2487\/revisions\/2489"}],"wp:attachment":[{"href":"https:\/\/www.gingadf.com.br\/blogGinga\/wp-json\/wp\/v2\/media?parent=2487"}],"wp:term":[{"taxonomy":"category","embeddable":true,"href":"https:\/\/www.gingadf.com.br\/blogGinga\/wp-json\/wp\/v2\/categories?post=2487"},{"taxonomy":"post_tag","embeddable":true,"href":"https:\/\/www.gingadf.com.br\/blogGinga\/wp-json\/wp\/v2\/tags?post=2487"}],"curies":[{"name":"wp","href":"https:\/\/api.w.org\/{rel}","templated":true}]}}