{"id":2421,"date":"2013-04-25T23:51:39","date_gmt":"2013-04-26T02:51:39","guid":{"rendered":"https:\/\/www.gingadf.com.br\/blogGinga\/?p=2421"},"modified":"2013-04-25T23:51:39","modified_gmt":"2013-04-26T02:51:39","slug":"tv-digital-o-bolsa-novela-ou-o-subsidio-para-a-tv-digital-pode-custar-ate-r-4-bilhoes-ao-governo","status":"publish","type":"post","link":"https:\/\/www.gingadf.com.br\/blogGinga\/tv-digital-o-bolsa-novela-ou-o-subsidio-para-a-tv-digital-pode-custar-ate-r-4-bilhoes-ao-governo\/","title":{"rendered":"TV Digital: O &#8216;bolsa novela&#8217;, ou o subs\u00eddio para a TV digital, pode custar at\u00e9 R$ 4 bilh\u00f5es ao governo"},"content":{"rendered":"<p>O MiniCom elabora programa para aprova\u00e7\u00e3o da presidente Dilma que prev\u00ea o subs\u00eddio para a popula\u00e7\u00e3o de baixa renda comprar o conversor digital<\/p>\n<p>O desligamento da TV anal\u00f3gica previsto para come\u00e7ar em mar\u00e7o de 2015 s\u00f3 ocorrer\u00e1 se toda a popula\u00e7\u00e3o da cidade atingida tiver condi\u00e7\u00f5es de ter acesso \u00e0 TV aberta com o sinal digital. &#8220;O governo n\u00e3o far\u00e1 nada sem garantir o acesso da popula\u00e7\u00e3o \u00e0 TV digital&#8221;, afirma o secret\u00e1rio de Comunica\u00e7\u00e3o de Massa do Minist\u00e9rio das Comunica\u00e7\u00f5es, Genildo Lins. Isto significa, explicou, que o governo ir\u00e1 subsidiar o conversor que transforma o sinal anal\u00f3gico de TV em digital para a popula\u00e7\u00e3o de baixa renda. E o custo deste subs\u00eddio pode variar de R$ 500 milh\u00f5es e R$ 4 bilh\u00f5es, a depender do n\u00famero de fam\u00edlias que ter\u00e3o que ser contempladas no programa.<\/p>\n<p>Esses estudos ainda est\u00e3o sendo feitos pelo MiniCom, que pretende levar a proposta para decis\u00e3o final da Presid\u00eancia da Rep\u00fablica nos pr\u00f3ximos 15 dias. Segundo Lins, o montante de recursos a ser destinado para o subs\u00eddio vai depender se ser\u00e3o contempladas apenas as fam\u00edlias que integram o programa Bolsa Fam\u00edlia, ou que integram o Cadastro \u00danico do governo federal, que duplica o n\u00famero fam\u00edlias contempladas, para 23 milh\u00f5es.<\/p>\n<p>Segundo o secret\u00e1rio, nas 885 cidades que a Anatel aponta como aquelas onde ser\u00e1 necess\u00e1rio o desligamento do sinal da TV anal\u00f3gica, existem 12 milh\u00f5es de fam\u00edlias que poderiam ser subsidiadas pelo governo, e nas demais cidades onde o desligamento ser\u00e1 feito at\u00e9 o ano de 2018, h\u00e1 outras 11 milh\u00f5es de fam\u00edlias.<\/p>\n<p>Conforme Lins, este dinheiro viria do Or\u00e7amento da Uni\u00e3o, mas o Minist\u00e9rio conta com o leil\u00e3o da faixa de 700 MHz para convencer a \u00e1rea econ\u00f4mica do governo, visto que a previs\u00e3o com a venda desta frequ\u00eancia \u00e9 bem maior. Lins disse que a modelagem em estudo pelo Minist\u00e9rio n\u00e3o descartou ainda a possibilidade de as pr\u00f3prias operadoras de celular subsidiarem direamente o conversor, como contrapartida \u00e0 compra da frequ\u00eancia.<\/p>\n<p>A expectativa do secret\u00e1rio \u00e9 de que o Pal\u00e1cio do Planalto aprove o programa da TV digital &#8211; que ir\u00e1 implicar a publica\u00e7\u00e3o de novo Decreto Presidencial &#8211; at\u00e9 o dia 13 de maio, quando ele ser\u00e1 apresentado aos integrantes do F\u00f3rum da Tv Digital.<\/p>\n<p>Fonte: FNDC<\/p>\n","protected":false},"excerpt":{"rendered":"<p>O MiniCom elabora programa para aprova\u00e7\u00e3o da presidente Dilma que prev\u00ea o subs\u00eddio para a popula\u00e7\u00e3o de baixa renda comprar o conversor digital O desligamento da TV anal\u00f3gica previsto para come\u00e7ar em mar\u00e7o de 2015 s\u00f3 ocorrer\u00e1 se toda a popula\u00e7\u00e3o da cidade atingida tiver condi\u00e7\u00f5es de ter acesso \u00e0 TV aberta com o sinal [&hellip;]<\/p>\n","protected":false},"author":3,"featured_media":0,"comment_status":"open","ping_status":"open","sticky":false,"template":"","format":"standard","meta":{"footnotes":""},"categories":[5],"tags":[75],"class_list":["post-2421","post","type-post","status-publish","format-standard","hentry","category-tv-digital","tag-tv-digital"],"_links":{"self":[{"href":"https:\/\/www.gingadf.com.br\/blogGinga\/wp-json\/wp\/v2\/posts\/2421","targetHints":{"allow":["GET"]}}],"collection":[{"href":"https:\/\/www.gingadf.com.br\/blogGinga\/wp-json\/wp\/v2\/posts"}],"about":[{"href":"https:\/\/www.gingadf.com.br\/blogGinga\/wp-json\/wp\/v2\/types\/post"}],"author":[{"embeddable":true,"href":"https:\/\/www.gingadf.com.br\/blogGinga\/wp-json\/wp\/v2\/users\/3"}],"replies":[{"embeddable":true,"href":"https:\/\/www.gingadf.com.br\/blogGinga\/wp-json\/wp\/v2\/comments?post=2421"}],"version-history":[{"count":0,"href":"https:\/\/www.gingadf.com.br\/blogGinga\/wp-json\/wp\/v2\/posts\/2421\/revisions"}],"wp:attachment":[{"href":"https:\/\/www.gingadf.com.br\/blogGinga\/wp-json\/wp\/v2\/media?parent=2421"}],"wp:term":[{"taxonomy":"category","embeddable":true,"href":"https:\/\/www.gingadf.com.br\/blogGinga\/wp-json\/wp\/v2\/categories?post=2421"},{"taxonomy":"post_tag","embeddable":true,"href":"https:\/\/www.gingadf.com.br\/blogGinga\/wp-json\/wp\/v2\/tags?post=2421"}],"curies":[{"name":"wp","href":"https:\/\/api.w.org\/{rel}","templated":true}]}}