{"id":2420,"date":"2013-04-25T23:49:20","date_gmt":"2013-04-26T02:49:20","guid":{"rendered":"https:\/\/www.gingadf.com.br\/blogGinga\/?p=2420"},"modified":"2013-04-25T23:49:20","modified_gmt":"2013-04-26T02:49:20","slug":"tv-digital-por-falta-de-espectro-minicom-flexibiliza-migracao","status":"publish","type":"post","link":"https:\/\/www.gingadf.com.br\/blogGinga\/tv-digital-por-falta-de-espectro-minicom-flexibiliza-migracao\/","title":{"rendered":"TV Digital: Por falta de espectro, Minicom flexibiliza migra\u00e7\u00e3o"},"content":{"rendered":"<p>O Minist\u00e9rio das Comunica\u00e7\u00f5es vai liberar as emissoras de televis\u00e3o de transmitirem simultaneamente suas programa\u00e7\u00f5es nos sistemas anal\u00f3gico e digital. A l\u00f3gica \u00e9 de que aquelas que assim desejarem poder\u00e3o passar diretamente \u00e0 transmiss\u00e3o digital.<\/p>\n<p>\u201cComo h\u00e1 dificuldade de acomodar na faixa e que pequenos grupos t\u00eam dificuldade econ\u00f4mica de manter as duas transmiss\u00f5es, estamos propondo que seja admitida a migra\u00e7\u00e3o direta do anal\u00f3gico para o digital\u201d, revelou o ministro Paulo Bernardo, ao participar de audi\u00eancia p\u00fablica na C\u00e2mara dos Deputados.<\/p>\n<p>Na pr\u00e1tica, por\u00e9m, n\u00e3o \u00e9 exatamente uma op\u00e7\u00e3o. Como explicou o secretario de Servi\u00e7os de Comunica\u00e7\u00e3o Eletr\u00f4nica do Minicom, Genildo Lins, foi a sa\u00edda encontrada para as emissoras que at\u00e9 hoje n\u00e3o fazem a transmiss\u00e3o simulcast porque n\u00e3o h\u00e1 espectro dispon\u00edvel.<\/p>\n<p>\u201cEm cidades como S\u00e3o Paulo, Campinas e Rio de Janeiro simplesmente n\u00e3o h\u00e1 possibilidade, seja em 700Mhz, seja em 800MHz. N\u00e3o h\u00e1 espa\u00e7o. Por isso, vamos permitir que aquelas emissoras que hoje s\u00f3 transmitem no sistema anal\u00f3gico possam ir direto ao digital\u201d, disse o secret\u00e1rio.<\/p>\n<p>Cidades como essas com grande n\u00famero de emissoras j\u00e1 encontram dificuldades, com a digitaliza\u00e7\u00e3o, para acomodar todas as TVs existentes. Tanto \u00e9 que Paulo Bernardo voltou a dizer nesta quarta que, se preciso, haver\u00e1 oferta menor da faixa de 700 MHz \u00e0s teles, visto que a\u00ed a radiodifus\u00e3o \u00e9 prioridade.<\/p>\n<p>A \u201clibera\u00e7\u00e3o\u201d do simulcast dever\u00e1 ser autorizada no mesmo Decreto \u2013 j\u00e1 elaborado pelo Minicom e em discuss\u00e3o no governo \u2013 que vai prever um novo cronograma para o desligamento dos sinais anal\u00f3gicos. Inicialmente previu-se uma \u00fanica data para todo o pa\u00eds, 30 de abril de 2016. A ideia agora \u00e9 fazer o desligamento gradativamente entre 2015 e 2018.<\/p>\n<p>Fonte: FNDC<\/p>\n","protected":false},"excerpt":{"rendered":"<p>O Minist\u00e9rio das Comunica\u00e7\u00f5es vai liberar as emissoras de televis\u00e3o de transmitirem simultaneamente suas programa\u00e7\u00f5es nos sistemas anal\u00f3gico e digital. A l\u00f3gica \u00e9 de que aquelas que assim desejarem poder\u00e3o passar diretamente \u00e0 transmiss\u00e3o digital. \u201cComo h\u00e1 dificuldade de acomodar na faixa e que pequenos grupos t\u00eam dificuldade econ\u00f4mica de manter as duas transmiss\u00f5es, estamos [&hellip;]<\/p>\n","protected":false},"author":3,"featured_media":0,"comment_status":"open","ping_status":"open","sticky":false,"template":"","format":"standard","meta":{"footnotes":""},"categories":[5],"tags":[75],"class_list":["post-2420","post","type-post","status-publish","format-standard","hentry","category-tv-digital","tag-tv-digital"],"_links":{"self":[{"href":"https:\/\/www.gingadf.com.br\/blogGinga\/wp-json\/wp\/v2\/posts\/2420","targetHints":{"allow":["GET"]}}],"collection":[{"href":"https:\/\/www.gingadf.com.br\/blogGinga\/wp-json\/wp\/v2\/posts"}],"about":[{"href":"https:\/\/www.gingadf.com.br\/blogGinga\/wp-json\/wp\/v2\/types\/post"}],"author":[{"embeddable":true,"href":"https:\/\/www.gingadf.com.br\/blogGinga\/wp-json\/wp\/v2\/users\/3"}],"replies":[{"embeddable":true,"href":"https:\/\/www.gingadf.com.br\/blogGinga\/wp-json\/wp\/v2\/comments?post=2420"}],"version-history":[{"count":0,"href":"https:\/\/www.gingadf.com.br\/blogGinga\/wp-json\/wp\/v2\/posts\/2420\/revisions"}],"wp:attachment":[{"href":"https:\/\/www.gingadf.com.br\/blogGinga\/wp-json\/wp\/v2\/media?parent=2420"}],"wp:term":[{"taxonomy":"category","embeddable":true,"href":"https:\/\/www.gingadf.com.br\/blogGinga\/wp-json\/wp\/v2\/categories?post=2420"},{"taxonomy":"post_tag","embeddable":true,"href":"https:\/\/www.gingadf.com.br\/blogGinga\/wp-json\/wp\/v2\/tags?post=2420"}],"curies":[{"name":"wp","href":"https:\/\/api.w.org\/{rel}","templated":true}]}}