{"id":2415,"date":"2013-04-11T23:41:28","date_gmt":"2013-04-12T02:41:28","guid":{"rendered":"https:\/\/www.gingadf.com.br\/blogGinga\/?p=2415"},"modified":"2013-04-11T23:41:28","modified_gmt":"2013-04-12T02:41:28","slug":"telefone-tvd-abratel-pede-prioridade-na-desoneracao-de-smartphone-que-capta-tv-digital","status":"publish","type":"post","link":"https:\/\/www.gingadf.com.br\/blogGinga\/telefone-tvd-abratel-pede-prioridade-na-desoneracao-de-smartphone-que-capta-tv-digital\/","title":{"rendered":"Telefone TVD: Abratel pede prioridade na desonera\u00e7\u00e3o de smartphone que capta TV digital"},"content":{"rendered":"<p> O ministro Paulo Bernardo recebeu nesta quarta, 10, um of\u00edcio da Abratel, associa\u00e7\u00e3o que re\u00fane principalmente os radiodifusores filiados e afiliados \u00e0 rede Record, solicitando que seja dada prioridade \u00e0 desonera\u00e7\u00e3o dos smartphones capazes de captar a TV digital.<\/p>\n<p>&#8220;Salientamos que os aparelhos com essa funcionalidade ampliam o acesso da popula\u00e7\u00e3o brasileira ao sinal digital de r\u00e1dio e televis\u00e3o, um dos principais objetivos do projeto de TV digital do Pa\u00eds&#8221;, diz o documento assinado pelo presidente da associa\u00e7\u00e3o, Luiz Claudio Costa.<\/p>\n<p>O Minist\u00e9rio das Comunica\u00e7\u00f5es, contudo, tem dito que o objetivo da desonera\u00e7\u00e3o, cujo decreto saiu na \u00faltima ter\u00e7a, 9, no Di\u00e1rio Oficial da Uni\u00e3o (DOU), \u00e9 de fomentar o acesso \u00e0 banda larga m\u00f3vel. Para a medida entrar em vigor, ainda precisa ser publicada uma portaria do Minicom com as caracter\u00edsticas t\u00e9cnicas que ser\u00e3o exigidas dos aparelhos. A partir da publica\u00e7\u00e3o da portaria, de acordo com recentes declara\u00e7\u00f5es de Bernardo, os aparelhos que se enquadram nas caracter\u00edsticas do Minicom j\u00e1 estariam automaticamente desonerados de PIS\/Pasep e Cofins, al\u00e9m do IPI.<\/p>\n<p>Fonte: Tela Viva<\/p>\n","protected":false},"excerpt":{"rendered":"<p>O ministro Paulo Bernardo recebeu nesta quarta, 10, um of\u00edcio da Abratel, associa\u00e7\u00e3o que re\u00fane principalmente os radiodifusores filiados e afiliados \u00e0 rede Record, solicitando que seja dada prioridade \u00e0 desonera\u00e7\u00e3o dos smartphones capazes de captar a TV digital. &#8220;Salientamos que os aparelhos com essa funcionalidade ampliam o acesso da popula\u00e7\u00e3o brasileira ao sinal digital [&hellip;]<\/p>\n","protected":false},"author":3,"featured_media":0,"comment_status":"open","ping_status":"open","sticky":false,"template":"","format":"standard","meta":{"footnotes":""},"categories":[5],"tags":[75],"class_list":["post-2415","post","type-post","status-publish","format-standard","hentry","category-tv-digital","tag-tv-digital"],"_links":{"self":[{"href":"https:\/\/www.gingadf.com.br\/blogGinga\/wp-json\/wp\/v2\/posts\/2415","targetHints":{"allow":["GET"]}}],"collection":[{"href":"https:\/\/www.gingadf.com.br\/blogGinga\/wp-json\/wp\/v2\/posts"}],"about":[{"href":"https:\/\/www.gingadf.com.br\/blogGinga\/wp-json\/wp\/v2\/types\/post"}],"author":[{"embeddable":true,"href":"https:\/\/www.gingadf.com.br\/blogGinga\/wp-json\/wp\/v2\/users\/3"}],"replies":[{"embeddable":true,"href":"https:\/\/www.gingadf.com.br\/blogGinga\/wp-json\/wp\/v2\/comments?post=2415"}],"version-history":[{"count":2,"href":"https:\/\/www.gingadf.com.br\/blogGinga\/wp-json\/wp\/v2\/posts\/2415\/revisions"}],"predecessor-version":[{"id":2417,"href":"https:\/\/www.gingadf.com.br\/blogGinga\/wp-json\/wp\/v2\/posts\/2415\/revisions\/2417"}],"wp:attachment":[{"href":"https:\/\/www.gingadf.com.br\/blogGinga\/wp-json\/wp\/v2\/media?parent=2415"}],"wp:term":[{"taxonomy":"category","embeddable":true,"href":"https:\/\/www.gingadf.com.br\/blogGinga\/wp-json\/wp\/v2\/categories?post=2415"},{"taxonomy":"post_tag","embeddable":true,"href":"https:\/\/www.gingadf.com.br\/blogGinga\/wp-json\/wp\/v2\/tags?post=2415"}],"curies":[{"name":"wp","href":"https:\/\/api.w.org\/{rel}","templated":true}]}}