{"id":2412,"date":"2013-04-11T23:38:27","date_gmt":"2013-04-12T02:38:27","guid":{"rendered":"https:\/\/www.gingadf.com.br\/blogGinga\/?p=2412"},"modified":"2013-04-11T23:38:51","modified_gmt":"2013-04-12T02:38:51","slug":"paises-tvd-eua-preparam-se-para-proxima-geracao-da-tv-digital","status":"publish","type":"post","link":"https:\/\/www.gingadf.com.br\/blogGinga\/paises-tvd-eua-preparam-se-para-proxima-geracao-da-tv-digital\/","title":{"rendered":"Paises TVD: EUA preparam-se para pr\u00f3xima gera\u00e7\u00e3o da TV digital"},"content":{"rendered":"<p>H\u00e1 aproximadamente quatro anos os Estados Unidos terminavam o per\u00edodo de transi\u00e7\u00e3o da TV anal\u00f3gica para a digital. Hoje, come\u00e7am a adotar na TV aberta um padr\u00e3o de transmiss\u00e3o para dispositivos m\u00f3veis, que atualmente chega a cerca 25 grandes cidades do pa\u00eds. Em tr\u00eas ou quatro anos, o pa\u00eds pode passar por outra grande mudan\u00e7a, com a ado\u00e7\u00e3o de um padr\u00e3o ATSC 3.0. Em debate sobre o futuro da TV aberta que aconteceu no NAB Show 2013, que acontece nesta semana em Las Vegas, Kevin Gage, vice-presidente e CTO da NAB, principal associa\u00e7\u00e3o de radiodifusores dos EUA, afirmou que o ATSC deve ter as especifica\u00e7\u00f5es da nova vers\u00e3o do padr\u00e3o em 2016. A ideia, em princ\u00edpio, \u00e9 viabilizar as transmiss\u00f5es para dispositivos m\u00f3veis e as transmiss\u00f5es em 4K. No entanto, o trabalho desenvolvido \u00e9 para garantir mais flexibilidade ao padr\u00e3o. &#8220;O 4k \u00e9 um dos modelos vi\u00e1veis de neg\u00f3cios, mas n\u00e3o o \u00fanico. O mais importante \u00e9 ter uma plataforma que possa se adaptar rapidamente \u00e0s novas demandas do setor&#8221;, disse Gage.<\/p>\n<p>Para Erik Moreno, vice-presidente s\u00eanior de desenvolvimento da Fox, come\u00e7ar a trabalhar em padr\u00e3o 4K \u00e9 precipitado. &#8220;Qual \u00e9 o modelo de neg\u00f3cios? N\u00f3s precisamos conversar nos pr\u00f3ximos meses sobre isso. Esta (o modelo de neg\u00f3cios) \u00e9 a pe\u00e7a mais importante no desenvolvimento da nova TV&#8221;, disse o executivo. Moreno lembrou que hoje a radiodifus\u00e3o conta com dois modelos de neg\u00f3cios, a venda de publicidade e o licenciamento do sinal e do conte\u00fado (para afiliadas, operadores de TV paga, OTT etc.). &#8220;N\u00f3s n\u00e3o estamos monetizando o espectro&#8221;, disse. Ele lembrou que a Verizon vem trabalhando no desenvolvimento de uma rede h\u00edbrida de broadcast\/IP para a distribui\u00e7\u00e3o de conte\u00fado m\u00f3vel. &#8220;Isto \u00e9 bom, eles est\u00e3o inovando. N\u00f3s (o setor de m\u00eddia) dever\u00edamos estar fazendo o mesmo. N\u00f3s temos que ser mais r\u00e1pidos que eles&#8221;, disse Moreno.<\/p>\n<p>Gage e Moreno concordam que o 4K \u00e9 importante para a radiodifus\u00e3o manter sua relev\u00e2ncia, frente \u00e0 concorr\u00eancia com outras m\u00eddias. No entanto, ambos afirmam que, no momento, a transmiss\u00e3o m\u00f3vel \u00e9 o recurso mais importante de ser implementado, uma vez que traz uma nova fonte de receita.<\/p>\n<h3>Conta<\/h3>\n<p>Para Erik Moreno, h\u00e1 um investimento grande a ser feito pela radiodifus\u00e3o na transi\u00e7\u00e3o para padr\u00e3o 3.0 e, segundo ele, \u00e9 um investimento mandat\u00f3rio. No entanto, h\u00e1 uma parte da conta que ainda n\u00e3o se sabe como ser\u00e1 paga. Na transi\u00e7\u00e3o do anal\u00f3gico para o digital, o dividendo digital garantiu recursos ao governo para subsidiar a compra de caixas receptoras de TV digital para a popula\u00e7\u00e3o de baixa renda. Na atual transi\u00e7\u00e3o para incluir a capacidade de transmiss\u00e3o para dispositivos m\u00f3veis, ao ATSC, n\u00e3o h\u00e1 legado. As transmiss\u00f5es no novo padr\u00e3o s\u00e3o compat\u00edveis com a base instalada de receptores de TV. No entanto, na evolu\u00e7\u00e3o prevista para acontecer em m\u00e9dio prazo, ser\u00e1 necess\u00e1rio interromper as transmiss\u00f5es em um padr\u00e3o e iniciar as transmiss\u00f5es em outro, sem a possibilidade de usar os dois simultaneamente, uma vez que n\u00e3o h\u00e1 mais espectro dispon\u00edvel.<\/p>\n<p>Fonte: FNDC<\/p>\n","protected":false},"excerpt":{"rendered":"<p>H\u00e1 aproximadamente quatro anos os Estados Unidos terminavam o per\u00edodo de transi\u00e7\u00e3o da TV anal\u00f3gica para a digital. Hoje, come\u00e7am a adotar na TV aberta um padr\u00e3o de transmiss\u00e3o para dispositivos m\u00f3veis, que atualmente chega a cerca 25 grandes cidades do pa\u00eds. Em tr\u00eas ou quatro anos, o pa\u00eds pode passar por outra grande mudan\u00e7a, [&hellip;]<\/p>\n","protected":false},"author":3,"featured_media":0,"comment_status":"open","ping_status":"open","sticky":false,"template":"","format":"standard","meta":{"footnotes":""},"categories":[19],"tags":[80],"class_list":["post-2412","post","type-post","status-publish","format-standard","hentry","category-paises-tvd","tag-paises-tvd"],"_links":{"self":[{"href":"https:\/\/www.gingadf.com.br\/blogGinga\/wp-json\/wp\/v2\/posts\/2412","targetHints":{"allow":["GET"]}}],"collection":[{"href":"https:\/\/www.gingadf.com.br\/blogGinga\/wp-json\/wp\/v2\/posts"}],"about":[{"href":"https:\/\/www.gingadf.com.br\/blogGinga\/wp-json\/wp\/v2\/types\/post"}],"author":[{"embeddable":true,"href":"https:\/\/www.gingadf.com.br\/blogGinga\/wp-json\/wp\/v2\/users\/3"}],"replies":[{"embeddable":true,"href":"https:\/\/www.gingadf.com.br\/blogGinga\/wp-json\/wp\/v2\/comments?post=2412"}],"version-history":[{"count":2,"href":"https:\/\/www.gingadf.com.br\/blogGinga\/wp-json\/wp\/v2\/posts\/2412\/revisions"}],"predecessor-version":[{"id":2414,"href":"https:\/\/www.gingadf.com.br\/blogGinga\/wp-json\/wp\/v2\/posts\/2412\/revisions\/2414"}],"wp:attachment":[{"href":"https:\/\/www.gingadf.com.br\/blogGinga\/wp-json\/wp\/v2\/media?parent=2412"}],"wp:term":[{"taxonomy":"category","embeddable":true,"href":"https:\/\/www.gingadf.com.br\/blogGinga\/wp-json\/wp\/v2\/categories?post=2412"},{"taxonomy":"post_tag","embeddable":true,"href":"https:\/\/www.gingadf.com.br\/blogGinga\/wp-json\/wp\/v2\/tags?post=2412"}],"curies":[{"name":"wp","href":"https:\/\/api.w.org\/{rel}","templated":true}]}}